{"id":73962,"date":"2019-08-30T11:40:40","date_gmt":"2019-08-30T16:40:40","guid":{"rendered":"http:\/\/formalprision.com\/?p=73962"},"modified":"2019-08-30T20:33:20","modified_gmt":"2019-08-31T01:33:20","slug":"se-deslinda-la-policia-de-merida-de-ladron-de-autos","status":"publish","type":"post","link":"https:\/\/formalprision.com\/?p=73962","title":{"rendered":"Se deslinda la Polic\u00eda de M\u00e9rida de ladr\u00f3n de autos"},"content":{"rendered":"\n<p>La Direcci\u00f3n de la Polic\u00eda Municipal de M\u00e9rida se\u00f1al\u00f3 este viernes que no tiene relaci\u00f3n laboral con el sujeto detenido por robarse el autom\u00f3vil que pidi\u00f3 en compra.<\/p>\n\n\n\n<p>Precis\u00f3 que Uriel Gal\u00e1n M. tampoco ha laborado antes como coordinador de Asuntos Internos.<\/p>\n\n\n\n<p>En realidad el coordinador es Juan Eduardo Maza Poot, quien funge como abogado defensor del ladr\u00f3n de auto.<\/p>\n\n\n\n<p>Uriel fue detenido luego de pagar con un cheque sin fondos un auto, mismo que se llev\u00f3 del estacionamiento de la Gran Plaza, aunque fue detenido en un ret\u00e9n ubicado a la salida a Campeche.<\/p>\n\n\n\n<p>A continuaci\u00f3n el texto enviado por la Polic\u00eda Municipal de M\u00e9rida sobre el caso.<\/p>\n\n\n\n<p>\u00abNuestra corporaci\u00f3n precisa que carece de relaci\u00f3n laboral actual con el imputado Uriel G.M. as\u00ed como tampoco ha trabajado en nuestra corporaci\u00f3n bajo ning\u00fan cargo administrativo. Por tanto, solicitamos la correcci\u00f3n de esa informaci\u00f3n para evitar confusi\u00f3n entre sus lectores.<\/p>\n\n\n\n<p>Queremos reiterar que en ning\u00fan momento el ciudadano que est\u00e1 implicado en este proceso labor\u00f3 en la Polic\u00eda Municipal de M\u00e9rida bajo el cargo de coordinador de Asuntos Internos\u00bb.<\/p>\n","protected":false},"excerpt":{"rendered":"<p>La Direcci\u00f3n de la Polic\u00eda Municipal de M\u00e9rida se\u00f1al\u00f3 este viernes que no tiene relaci\u00f3n laboral con el sujeto detenido por robarse el autom\u00f3vil que pidi\u00f3 en compra. Precis\u00f3 que<\/p>\n","protected":false},"author":1,"featured_media":73963,"comment_status":"open","ping_status":"open","sticky":false,"template":"","format":"standard","meta":{"jetpack_post_was_ever_published":false,"_jetpack_newsletter_access":"","_jetpack_dont_email_post_to_subs":false,"_jetpack_newsletter_tier_id":0,"_jetpack_memberships_contains_paywalled_content":false,"_jetpack_memberships_contains_paid_content":false,"footnotes":"","jetpack_publicize_message":"","jetpack_publicize_feature_enabled":true,"jetpack_social_post_already_shared":true,"jetpack_social_options":{"image_generator_settings":{"template":"highway","default_image_id":0,"font":"","enabled":false},"version":2}},"categories":[3],"tags":[],"class_list":["post-73962","post","type-post","status-publish","format-standard","has-post-thumbnail","hentry","category-portada"],"jetpack_publicize_connections":[],"jetpack_featured_media_url":"https:\/\/formalprision.com\/wp-content\/uploads\/2019\/08\/IMG_5039.jpg","jetpack_sharing_enabled":true,"jetpack_shortlink":"https:\/\/wp.me\/p6id8p-jeW","_links":{"self":[{"href":"https:\/\/formalprision.com\/index.php?rest_route=\/wp\/v2\/posts\/73962","targetHints":{"allow":["GET"]}}],"collection":[{"href":"https:\/\/formalprision.com\/index.php?rest_route=\/wp\/v2\/posts"}],"about":[{"href":"https:\/\/formalprision.com\/index.php?rest_route=\/wp\/v2\/types\/post"}],"author":[{"embeddable":true,"href":"https:\/\/formalprision.com\/index.php?rest_route=\/wp\/v2\/users\/1"}],"replies":[{"embeddable":true,"href":"https:\/\/formalprision.com\/index.php?rest_route=%2Fwp%2Fv2%2Fcomments&post=73962"}],"version-history":[{"count":0,"href":"https:\/\/formalprision.com\/index.php?rest_route=\/wp\/v2\/posts\/73962\/revisions"}],"wp:featuredmedia":[{"embeddable":true,"href":"https:\/\/formalprision.com\/index.php?rest_route=\/wp\/v2\/media\/73963"}],"wp:attachment":[{"href":"https:\/\/formalprision.com\/index.php?rest_route=%2Fwp%2Fv2%2Fmedia&parent=73962"}],"wp:term":[{"taxonomy":"category","embeddable":true,"href":"https:\/\/formalprision.com\/index.php?rest_route=%2Fwp%2Fv2%2Fcategories&post=73962"},{"taxonomy":"post_tag","embeddable":true,"href":"https:\/\/formalprision.com\/index.php?rest_route=%2Fwp%2Fv2%2Ftags&post=73962"}],"curies":[{"name":"wp","href":"https:\/\/api.w.org\/{rel}","templated":true}]}}