{"id":7402,"date":"2012-01-20T23:52:00","date_gmt":"2012-01-20T23:52:00","guid":{"rendered":"http:\/\/formalprision.info\/2012\/01\/20\/rescata-la-marina-tres-pescadores-en-la\/"},"modified":"2015-06-03T08:53:54","modified_gmt":"2015-06-03T08:53:54","slug":"rescata-la-marina-tres-pescadores-en-la","status":"publish","type":"post","link":"https:\/\/formalprision.com\/?p=7402","title":{"rendered":"Rescata la Marina a tres pescadores en la zona mar\u00edtima de Progreso"},"content":{"rendered":"<p><a href=\"http:\/\/2.bp.blogspot.com\/-DTpS9Ik5yC8\/Txn6v5NbpzI\/AAAAAAAAFkg\/bfILx3XBZ6o\/s1600\/adefdiadeia.jpg\"><img decoding=\"async\" id=\"BLOGGER_PHOTO_ID_5699862504132028210\" style=\"FLOAT: left; MARGIN: 0px 10px 10px 0px; WIDTH: 320px; CURSOR: hand; HEIGHT: 220px\" alt=\"\" src=\"http:\/\/formalprision.com\/wp-content\/uploads\/2012\/01\/adefdiadeia.jpg\" border=\"0\" \/><\/a><\/p>\n<div>Tres pescadores de Progreso fueron rescatados a salvo esta tarde por la Secretar\u00eda de Marina-Armada de M\u00e9xico (Semar) luego de permanecer varias horas a la deriva por una falla en la lancha \u00abDiana Aracelly\u00bb.<\/div>\n<p><\/p>\n<div>Los tres pescadores rescatados son Tom\u00e1s Duarte Coll\u00ed, Alvaro Garc\u00eda Tique y Julio C\u00e9sar Segura Ayala.<\/div>\n<p><\/p>\n<div>Aunque no se inform\u00f3 cu\u00e1ndo salieron a la mar, se dijo que los hombres de mar salieron a la captura de especies de escama cuando de pronto se registr\u00f3 la falla en su motor y se quedaron sin gobierno a 25 millas (46 kil\u00f3metros) al Oeste de Progreso.<\/div>\n<p><\/p>\n<div>El Centro Cultural Pesquero, que desde hace m\u00e1s de 20 a\u00f1os coadyuva a salvaduardar la vida humana en la mar, inform\u00f3 que a las 11:10 de la ma\u00f1ana, una embarcaci\u00f3n ribere\u00f1a avist\u00f3 la lancha \u00abDiana Aracelly\u00bb y de inmediato pas\u00f3 el reporte v\u00eda radio para brindarle ayuda.<\/div>\n<p><\/p>\n<div>De acuerdo con informaci\u00f3n proporcionada, la lancha qued\u00f3 a la deriva en la posici\u00f3n 21.33.8 y 89.58.5.<\/div>\n<p><\/p>\n<div>La Semar, que tambi\u00e9n realiza importante labor a favor de la seguridad en el mar, realiz\u00f3 el rescate de los tres pescadores al mediod\u00eda de hoy con apoyo de la patrulla Defender BR-16, que zarp\u00f3 para brindar apoyo.<\/div>\n<p><\/p>\n<div>Los pescadores regresaron al puerto de abrigo esta tarde, a las 14:40 horas, arribando al puerto de Yucalpet\u00e9n con la lancha a remolque. (Con informaci\u00f3n de Progresohoy.com)<\/div>\n","protected":false},"excerpt":{"rendered":"<p>Tres pescadores de Progreso fueron rescatados a salvo esta tarde por la Secretar\u00eda de Marina-Armada de M\u00e9xico (Semar) luego de permanecer varias horas a la deriva por una falla en<\/p>\n","protected":false},"author":1,"featured_media":24889,"comment_status":"open","ping_status":"open","sticky":false,"template":"","format":"standard","meta":{"jetpack_post_was_ever_published":false,"_jetpack_newsletter_access":"","_jetpack_dont_email_post_to_subs":false,"_jetpack_newsletter_tier_id":0,"_jetpack_memberships_contains_paywalled_content":false,"_jetpack_memberships_contains_paid_content":false,"footnotes":"","jetpack_publicize_message":"","jetpack_publicize_feature_enabled":true,"jetpack_social_post_already_shared":false,"jetpack_social_options":{"image_generator_settings":{"template":"highway","default_image_id":0,"font":"","enabled":false},"version":2}},"categories":[3,58,1],"tags":[],"class_list":["post-7402","post","type-post","status-publish","format-standard","has-post-thumbnail","hentry","category-portada","category-rescates","category-sin-categoria"],"jetpack_publicize_connections":[],"jetpack_featured_media_url":"https:\/\/formalprision.com\/wp-content\/uploads\/2012\/01\/adefdiadeia.jpg","jetpack_sharing_enabled":true,"jetpack_shortlink":"https:\/\/wp.me\/p6id8p-1Vo","_links":{"self":[{"href":"https:\/\/formalprision.com\/index.php?rest_route=\/wp\/v2\/posts\/7402","targetHints":{"allow":["GET"]}}],"collection":[{"href":"https:\/\/formalprision.com\/index.php?rest_route=\/wp\/v2\/posts"}],"about":[{"href":"https:\/\/formalprision.com\/index.php?rest_route=\/wp\/v2\/types\/post"}],"author":[{"embeddable":true,"href":"https:\/\/formalprision.com\/index.php?rest_route=\/wp\/v2\/users\/1"}],"replies":[{"embeddable":true,"href":"https:\/\/formalprision.com\/index.php?rest_route=%2Fwp%2Fv2%2Fcomments&post=7402"}],"version-history":[{"count":0,"href":"https:\/\/formalprision.com\/index.php?rest_route=\/wp\/v2\/posts\/7402\/revisions"}],"wp:featuredmedia":[{"embeddable":true,"href":"https:\/\/formalprision.com\/index.php?rest_route=\/wp\/v2\/media\/24889"}],"wp:attachment":[{"href":"https:\/\/formalprision.com\/index.php?rest_route=%2Fwp%2Fv2%2Fmedia&parent=7402"}],"wp:term":[{"taxonomy":"category","embeddable":true,"href":"https:\/\/formalprision.com\/index.php?rest_route=%2Fwp%2Fv2%2Fcategories&post=7402"},{"taxonomy":"post_tag","embeddable":true,"href":"https:\/\/formalprision.com\/index.php?rest_route=%2Fwp%2Fv2%2Ftags&post=7402"}],"curies":[{"name":"wp","href":"https:\/\/api.w.org\/{rel}","templated":true}]}}