{"id":74201,"date":"2019-09-17T19:18:21","date_gmt":"2019-09-18T00:18:21","guid":{"rendered":"http:\/\/formalprision.com\/?p=74201"},"modified":"2019-09-17T19:18:36","modified_gmt":"2019-09-18T00:18:36","slug":"continua-la-alta-generacion-de-empleos-en-yucatan","status":"publish","type":"post","link":"https:\/\/formalprision.com\/?p=74201","title":{"rendered":"Contin\u00faa la alta generaci\u00f3n de empleos en Yucat\u00e1n"},"content":{"rendered":"\n<p>M\u00e9rida, Yucat\u00e1n, 17 de septiembre de 2019.- Durante agosto de 2019, en Yucat\u00e1n se registraron 379,204 trabajadores ante el Instituto Mexicano del Seguro Social (IMSS), lo que representa un aumento de 3.4% respecto al mismo mes del a\u00f1o pasado.<\/p>\n\n\n\n<p>De acuerdo con datos de la Consulta Din\u00e1mica de Informaci\u00f3n del IMSS, esta cifra de empleados registrados significa tambi\u00e9n un crecimiento casi al doble con respecto al n\u00famero de trabajadores inscritos ante el Instituto a nivel nacional, pues en el pa\u00eds se detect\u00f3 solo un aumento de 1.8%.<\/p>\n\n\n\n<p>De manera detallada, en agosto de 2019 fueron registrados ante el IMSS 379,204 trabajadores en Yucat\u00e1n, mientras que, en el mismo mes del a\u00f1o pasado, esta cifra alcanz\u00f3 366,742, es decir, se trata de una diferencia de 12,462. Con estos n\u00fameros el estado se coloca entre los primeros 6 con mayor crecimiento en el pa\u00eds.<\/p>\n\n\n\n<p>Los resultados arrojados por el IMSS se\u00f1alan que en esta relaci\u00f3n crecimiento de empleo laboral y seguridad social, a nivel nacional se registr\u00f3 un aumento de 1.8% mientras que el incremento en Yucat\u00e1n fue de 3.4%, es decir, casi el doble.<\/p>\n\n\n\n<p>Cabe se\u00f1alar que estos resultados positivos se han registrado desde hace varios meses en el estado y son el reflejo de la constante promoci\u00f3n que el gobernador Mauricio Vila Dosal realiza desde el primer d\u00eda de su administraci\u00f3n para atraer m\u00e1s inversiones, las cuales generan fuentes de ingresos para los yucatecos que mejoran su calidad de vida y la de sus familias.<\/p>\n\n\n\n<p>En este sentido, uno de los principales compromisos del gobernador es atraer inversiones de importantes empresas nacionales y extranjeras, que adem\u00e1s de diversificar la vocaci\u00f3n econ\u00f3mica del estado, permiten combatir los \u00edndices de pobreza en los 106 municipios.<\/p>\n\n\n\n<p>Hay que recordar que en los primeros 11 meses de gesti\u00f3n de Vila Dosal, ya se cuenta con la certeza de inversi\u00f3n por m\u00e1s de 40, 000 millones de pesos que permitir\u00e1n la generaci\u00f3n de 30,000 nuevos empleos en M\u00e9rida y el interior del estado.<\/p>\n\n\n\n<p>Dichos empleos estar\u00e1n enfocados en los ramos automotriz, aeroespacial, m\u00e9dico, textil, industrial, inmobiliario, manufacturero, tur\u00edstico, entre otros y estos puestos han resultado de la estrategia que emprendi\u00f3 el gobernador para dar a conocer los altos niveles de seguridad, calidad del capital humano, infraestructura carretera y la eficiente conectividad mar\u00edtima y a\u00e9rea que permiten que Yucat\u00e1n sea un lugar certero para la inversi\u00f3n.<\/p>\n\n\n\n<p>A la par de la generaci\u00f3n de estas vacantes, Vila Dosal impulsa el emprendimiento y para ello, se crearon los cr\u00e9ditos MicroYuc, con los cuales mujeres, peque\u00f1os productores, personas en condiciones de vulnerabilidad y adultos mayores de todo el estado podr\u00e1n obtener apoyos en especie, financiamientos o cr\u00e9ditos a bajas tasas de inter\u00e9s para crear o hacer crecer sus negocios, fomentando la econom\u00eda local y generando las condiciones para la creaci\u00f3n m\u00e1s y mejores empleos en el estado.<\/p>\n\n\n\n<p>El gobernador tambi\u00e9n ha otorgado a propietarios de peque\u00f1os negocios de maderer\u00eda, costura, alimentos, panader\u00eda, reposter\u00eda y est\u00e9tica,  equipos y maquinaria, que forman parte del programa de \u00abFomento al Autoempleo y Capacitaci\u00f3n a la Empleabilidad\u00bb, para que puedan producir m\u00e1s, crecer y generar m\u00e1s fuentes de trabajo. De esta manera, para Vila Dosal, abrir un abanico de opciones laborales, es la \u00fanica manera de combatir la pobreza y mejorar la vida de los yucatecos. (Comunicado de Prensa)<\/p>\n","protected":false},"excerpt":{"rendered":"<p>M\u00e9rida, Yucat\u00e1n, 17 de septiembre de 2019.- Durante agosto de 2019, en Yucat\u00e1n se registraron 379,204 trabajadores ante el Instituto Mexicano del Seguro Social (IMSS), lo que representa un aumento<\/p>\n","protected":false},"author":1,"featured_media":74202,"comment_status":"open","ping_status":"open","sticky":false,"template":"","format":"standard","meta":{"jetpack_post_was_ever_published":false,"_jetpack_newsletter_access":"","_jetpack_dont_email_post_to_subs":false,"_jetpack_newsletter_tier_id":0,"_jetpack_memberships_contains_paywalled_content":false,"_jetpack_memberships_contains_paid_content":false,"footnotes":"","jetpack_publicize_message":"","jetpack_publicize_feature_enabled":true,"jetpack_social_post_already_shared":true,"jetpack_social_options":{"image_generator_settings":{"template":"highway","default_image_id":0,"font":"","enabled":false},"version":2}},"categories":[17],"tags":[],"class_list":["post-74201","post","type-post","status-publish","format-standard","has-post-thumbnail","hentry","category-politica-y-gobierno"],"jetpack_publicize_connections":[],"jetpack_featured_media_url":"https:\/\/formalprision.com\/wp-content\/uploads\/2019\/09\/IMG_5252.jpg","jetpack_sharing_enabled":true,"jetpack_shortlink":"https:\/\/wp.me\/p6id8p-jiN","_links":{"self":[{"href":"https:\/\/formalprision.com\/index.php?rest_route=\/wp\/v2\/posts\/74201","targetHints":{"allow":["GET"]}}],"collection":[{"href":"https:\/\/formalprision.com\/index.php?rest_route=\/wp\/v2\/posts"}],"about":[{"href":"https:\/\/formalprision.com\/index.php?rest_route=\/wp\/v2\/types\/post"}],"author":[{"embeddable":true,"href":"https:\/\/formalprision.com\/index.php?rest_route=\/wp\/v2\/users\/1"}],"replies":[{"embeddable":true,"href":"https:\/\/formalprision.com\/index.php?rest_route=%2Fwp%2Fv2%2Fcomments&post=74201"}],"version-history":[{"count":0,"href":"https:\/\/formalprision.com\/index.php?rest_route=\/wp\/v2\/posts\/74201\/revisions"}],"wp:featuredmedia":[{"embeddable":true,"href":"https:\/\/formalprision.com\/index.php?rest_route=\/wp\/v2\/media\/74202"}],"wp:attachment":[{"href":"https:\/\/formalprision.com\/index.php?rest_route=%2Fwp%2Fv2%2Fmedia&parent=74201"}],"wp:term":[{"taxonomy":"category","embeddable":true,"href":"https:\/\/formalprision.com\/index.php?rest_route=%2Fwp%2Fv2%2Fcategories&post=74201"},{"taxonomy":"post_tag","embeddable":true,"href":"https:\/\/formalprision.com\/index.php?rest_route=%2Fwp%2Fv2%2Ftags&post=74201"}],"curies":[{"name":"wp","href":"https:\/\/api.w.org\/{rel}","templated":true}]}}