{"id":7425,"date":"2012-01-13T16:34:00","date_gmt":"2012-01-13T16:34:00","guid":{"rendered":"http:\/\/formalprision.info\/2012\/01\/13\/muere-bebe-de-26-dias-de-nacida\/"},"modified":"2015-06-03T08:54:00","modified_gmt":"2015-06-03T08:54:00","slug":"muere-bebe-de-26-dias-de-nacida","status":"publish","type":"post","link":"https:\/\/formalprision.com\/?p=7425","title":{"rendered":"Muere beb\u00e9 de 26 d\u00edas de nacida mientras dorm\u00eda"},"content":{"rendered":"<p><a href=\"http:\/\/1.bp.blogspot.com\/-U6YK9Ba_s9s\/Tw_gEMmDqMI\/AAAAAAAAFgM\/j-w1mQSDicI\/s1600\/aaaaescudo%2Bde%2Bla%2Bfiscalia.jpg\"><img decoding=\"async\" id=\"BLOGGER_PHOTO_ID_5697018416351914178\" style=\"FLOAT: left; MARGIN: 0px 10px 10px 0px; WIDTH: 320px; CURSOR: hand; HEIGHT: 318px\" alt=\"\" src=\"http:\/\/formalprision.com\/wp-content\/uploads\/2012\/01\/aaaaescudo-de-la-fiscalia9.jpg\" border=\"0\" \/><\/a><\/p>\n<div>Una reci\u00e9n nacida de Caucel falleci\u00f3 ayer s\u00fabitamente mientras dorm\u00eda.<\/div>\n<p><\/p>\n<div>La ni\u00f1a, de 26 d\u00edas de nacida, fue llevada por sus familiares de urgencia hacia un hospital, pero en el trayecto se corrobor\u00f3 que la ni\u00f1a ya hab\u00eda fallecido.<\/div>\n<p><\/p>\n<div>Landy Sonda, madre de la menor, dijo que por la ma\u00f1ana se encontraban en Caucel y al acudir a ver a su beb\u00e9, la sinti\u00f3 muy fr\u00eda, por lo que con ayuda de sus familiares salieron en busca de ayuda m\u00e9dica.<\/div>\n<p><\/p>\n<div>Llevaron a la reci\u00e9n ancida hacia la base que la SSP tiene en el Perif\u00e9rico, en la salida hacia Caucel, donde pidieron ayuda.<\/div>\n<p><\/p>\n<div>Sin embargo, los param\u00e9dicos revisaron a la beb\u00e9 y constataron que ya hab\u00eda fallecido.<\/div>\n<p><\/p>\n<div>La causa de la muerte fue certificada como muerte s\u00fabita de lactante, por un mal cong\u00e9nito.<\/div>\n<p><\/p>\n<div><\/div>\n","protected":false},"excerpt":{"rendered":"<p>Una reci\u00e9n nacida de Caucel falleci\u00f3 ayer s\u00fabitamente mientras dorm\u00eda. La ni\u00f1a, de 26 d\u00edas de nacida, fue llevada por sus familiares de urgencia hacia un hospital, pero en el<\/p>\n","protected":false},"author":1,"featured_media":24935,"comment_status":"open","ping_status":"open","sticky":false,"template":"","format":"standard","meta":{"jetpack_post_was_ever_published":false,"_jetpack_newsletter_access":"","_jetpack_dont_email_post_to_subs":false,"_jetpack_newsletter_tier_id":0,"_jetpack_memberships_contains_paywalled_content":false,"_jetpack_memberships_contains_paid_content":false,"footnotes":"","jetpack_publicize_message":"","jetpack_publicize_feature_enabled":true,"jetpack_social_post_already_shared":false,"jetpack_social_options":{"image_generator_settings":{"template":"highway","default_image_id":0,"font":"","enabled":false},"version":2}},"categories":[44,3,1],"tags":[],"class_list":["post-7425","post","type-post","status-publish","format-standard","has-post-thumbnail","hentry","category-morgue","category-portada","category-sin-categoria"],"jetpack_publicize_connections":[],"jetpack_featured_media_url":"https:\/\/formalprision.com\/wp-content\/uploads\/2012\/01\/aaaaescudo-de-la-fiscalia9.jpg","jetpack_sharing_enabled":true,"jetpack_shortlink":"https:\/\/wp.me\/p6id8p-1VL","_links":{"self":[{"href":"https:\/\/formalprision.com\/index.php?rest_route=\/wp\/v2\/posts\/7425","targetHints":{"allow":["GET"]}}],"collection":[{"href":"https:\/\/formalprision.com\/index.php?rest_route=\/wp\/v2\/posts"}],"about":[{"href":"https:\/\/formalprision.com\/index.php?rest_route=\/wp\/v2\/types\/post"}],"author":[{"embeddable":true,"href":"https:\/\/formalprision.com\/index.php?rest_route=\/wp\/v2\/users\/1"}],"replies":[{"embeddable":true,"href":"https:\/\/formalprision.com\/index.php?rest_route=%2Fwp%2Fv2%2Fcomments&post=7425"}],"version-history":[{"count":0,"href":"https:\/\/formalprision.com\/index.php?rest_route=\/wp\/v2\/posts\/7425\/revisions"}],"wp:featuredmedia":[{"embeddable":true,"href":"https:\/\/formalprision.com\/index.php?rest_route=\/wp\/v2\/media\/24935"}],"wp:attachment":[{"href":"https:\/\/formalprision.com\/index.php?rest_route=%2Fwp%2Fv2%2Fmedia&parent=7425"}],"wp:term":[{"taxonomy":"category","embeddable":true,"href":"https:\/\/formalprision.com\/index.php?rest_route=%2Fwp%2Fv2%2Fcategories&post=7425"},{"taxonomy":"post_tag","embeddable":true,"href":"https:\/\/formalprision.com\/index.php?rest_route=%2Fwp%2Fv2%2Ftags&post=7425"}],"curies":[{"name":"wp","href":"https:\/\/api.w.org\/{rel}","templated":true}]}}