{"id":7426,"date":"2012-01-13T15:48:00","date_gmt":"2012-01-13T15:48:00","guid":{"rendered":"http:\/\/formalprision.info\/2012\/01\/13\/atropellan-ex-profesor-revolucionario\/"},"modified":"2015-06-03T08:54:00","modified_gmt":"2015-06-03T08:54:00","slug":"atropellan-ex-profesor-revolucionario","status":"publish","type":"post","link":"https:\/\/formalprision.com\/?p=7426","title":{"rendered":"Atropellan a ex profesor revolucionario de la Uady"},"content":{"rendered":"<p><a href=\"http:\/\/1.bp.blogspot.com\/-g42DN5FmdRs\/Tw_keC-3d4I\/AAAAAAAAFgY\/r2MIJefJUCI\/s1600\/aaaapedroecheverr%25C3%25A1.JPG\"><img decoding=\"async\" id=\"BLOGGER_PHOTO_ID_5697023258494728066\" style=\"FLOAT: left; MARGIN: 0px 10px 10px 0px; WIDTH: 320px; CURSOR: hand; HEIGHT: 240px\" alt=\"\" src=\"http:\/\/formalprision.com\/wp-content\/uploads\/2012\/01\/aaaapedroecheverr%C3%A1.jpg\" border=\"0\" \/><\/a><\/p>\n<p><\/p>\n<div>El activista social Pedro Echeverr\u00eda V\u00e1rguez, cr\u00edtico antigobernista y admirador del ex hombre fuerte de Cuba Fidel Castro, result\u00f3 herido ayer al chocar contra un cami\u00f3n urbano la motocicleta que conduc\u00eda.<\/div>\n<div>Seg\u00fan la polic\u00eda, el percance ocurri\u00f3 en la calle 44 por 71, cuando Echeverr\u00eda V\u00e1rguez conduc\u00eda la motocicleta placas 7GRT-7 y al no respetar la se\u00f1al de alto, colision\u00f3 con el autob\u00fas de la ruta T\u00e9cnica 24 placas 800464-Y, guiado por Luis Demetrio Ak\u00e9 Can.<\/div>\n<div>A consecuencia del impacto Echeverr\u00eda V\u00e1rguez result\u00f3 policontundido, por lo que fue trasladado a la cl\u00ednica del ISSSTE para su atenci\u00f3n m\u00e9dica<\/div>\n<p><\/p>\n<div>Echeverr\u00eda V\u00e1rguez es profesor-investigador jubilado de la Facultad de Arquitectura y ha escrito nueve libros, adem\u00e1s de que durante mucho tiempo instal\u00f3 un peri\u00f3dico mural en la Plaza Grande.<\/div>\n<p><\/p>\n<div>Durante a\u00f1os ha adoptado una posici\u00f3n antigobernista.<\/div>\n<div><\/div>\n","protected":false},"excerpt":{"rendered":"<p>El activista social Pedro Echeverr\u00eda V\u00e1rguez, cr\u00edtico antigobernista y admirador del ex hombre fuerte de Cuba Fidel Castro, result\u00f3 herido ayer al chocar contra un cami\u00f3n urbano la motocicleta que<\/p>\n","protected":false},"author":1,"featured_media":24937,"comment_status":"open","ping_status":"open","sticky":false,"template":"","format":"standard","meta":{"jetpack_post_was_ever_published":false,"_jetpack_newsletter_access":"","_jetpack_dont_email_post_to_subs":false,"_jetpack_newsletter_tier_id":0,"_jetpack_memberships_contains_paywalled_content":false,"_jetpack_memberships_contains_paid_content":false,"footnotes":"","jetpack_publicize_message":"","jetpack_publicize_feature_enabled":true,"jetpack_social_post_already_shared":false,"jetpack_social_options":{"image_generator_settings":{"template":"highway","default_image_id":0,"font":"","enabled":false},"version":2}},"categories":[3,1,49],"tags":[],"class_list":["post-7426","post","type-post","status-publish","format-standard","has-post-thumbnail","hentry","category-portada","category-sin-categoria","category-tocho-morocho"],"jetpack_publicize_connections":[],"jetpack_featured_media_url":"https:\/\/formalprision.com\/wp-content\/uploads\/2012\/01\/aaaapedroecheverr%C3%A1.jpg","jetpack_sharing_enabled":true,"jetpack_shortlink":"https:\/\/wp.me\/p6id8p-1VM","_links":{"self":[{"href":"https:\/\/formalprision.com\/index.php?rest_route=\/wp\/v2\/posts\/7426","targetHints":{"allow":["GET"]}}],"collection":[{"href":"https:\/\/formalprision.com\/index.php?rest_route=\/wp\/v2\/posts"}],"about":[{"href":"https:\/\/formalprision.com\/index.php?rest_route=\/wp\/v2\/types\/post"}],"author":[{"embeddable":true,"href":"https:\/\/formalprision.com\/index.php?rest_route=\/wp\/v2\/users\/1"}],"replies":[{"embeddable":true,"href":"https:\/\/formalprision.com\/index.php?rest_route=%2Fwp%2Fv2%2Fcomments&post=7426"}],"version-history":[{"count":0,"href":"https:\/\/formalprision.com\/index.php?rest_route=\/wp\/v2\/posts\/7426\/revisions"}],"wp:featuredmedia":[{"embeddable":true,"href":"https:\/\/formalprision.com\/index.php?rest_route=\/wp\/v2\/media\/24937"}],"wp:attachment":[{"href":"https:\/\/formalprision.com\/index.php?rest_route=%2Fwp%2Fv2%2Fmedia&parent=7426"}],"wp:term":[{"taxonomy":"category","embeddable":true,"href":"https:\/\/formalprision.com\/index.php?rest_route=%2Fwp%2Fv2%2Fcategories&post=7426"},{"taxonomy":"post_tag","embeddable":true,"href":"https:\/\/formalprision.com\/index.php?rest_route=%2Fwp%2Fv2%2Ftags&post=7426"}],"curies":[{"name":"wp","href":"https:\/\/api.w.org\/{rel}","templated":true}]}}