{"id":7442,"date":"2012-01-05T00:21:00","date_gmt":"2012-01-05T00:21:00","guid":{"rendered":"http:\/\/formalprision.info\/2012\/01\/05\/albanil-hallado-muerto-una-semana\/"},"modified":"2015-06-03T08:54:03","modified_gmt":"2015-06-03T08:54:03","slug":"albanil-hallado-muerto-una-semana","status":"publish","type":"post","link":"https:\/\/formalprision.com\/?p=7442","title":{"rendered":"Alba\u00f1il hallado muerto una semana despu\u00e9s de haberse ido de este mundo"},"content":{"rendered":"<p><a href=\"http:\/\/4.bp.blogspot.com\/-5LC6i4P60HM\/TwQCjpc3rrI\/AAAAAAAAFcQ\/vHaTl67z2h0\/s1600\/aaaquirate.jpg\"><img decoding=\"async\" id=\"BLOGGER_PHOTO_ID_5693678640348769970\" style=\"FLOAT: left; MARGIN: 0px 10px 10px 0px; WIDTH: 320px; CURSOR: hand; HEIGHT: 250px\" alt=\"\" src=\"http:\/\/formalprision.com\/wp-content\/uploads\/2012\/01\/aaaquirate.jpg\" border=\"0\" \/><\/a><\/p>\n<p><\/p>\n<div>Un alba\u00f1il meridano fue hallado muerto en su casa tras una semana de haberse ido de este mundo.<\/div>\n<div>El alarife GENARO FUENTES COURTENAY, de 49 a\u00f1os de edad, fue encontrado en estado de descomposici\u00f3n en su casa de la calle 76 n\u00famero 809 entre 129 y 127 de la colonia San Antonio Xluch.<\/div>\n<p><\/p>\n<div>Ignacio Dur\u00e1n Encala, patr\u00f3n del alba\u00f1il, fue quien lo hall\u00f3 cuando fue a buscarlo a su casa.<\/div>\n<p><\/p>\n<div>Dijo que el martes de la semana pasada, el alba\u00f1il le dijo que se sent\u00eda mal de salud, ya que le dol\u00eda el pecho, por lo que se fue a su casa.<\/div>\n<p><\/p>\n<div>Al ver que pasaron lo d\u00edas y no regres\u00f3, decidi\u00f3 ir a verlo, pero al llegar sinti\u00f3 un olor f\u00e9tido por lo que solicit\u00f3 ayuda junto con los vecinos.<\/div>\n<p><\/p>\n<div>Acudieron polic\u00edas al sitio y tras forzar la puerta posterior que es de madera, se percataron que estaba muerto. <\/div>\n<p><\/p>\n<div>La causa de la muerte fue infarto agudo al miocardio<\/div>\n","protected":false},"excerpt":{"rendered":"<p>Un alba\u00f1il meridano fue hallado muerto en su casa tras una semana de haberse ido de este mundo. El alarife GENARO FUENTES COURTENAY, de 49 a\u00f1os de edad, fue encontrado<\/p>\n","protected":false},"author":1,"featured_media":24969,"comment_status":"open","ping_status":"open","sticky":false,"template":"","format":"standard","meta":{"jetpack_post_was_ever_published":false,"_jetpack_newsletter_access":"","_jetpack_dont_email_post_to_subs":false,"_jetpack_newsletter_tier_id":0,"_jetpack_memberships_contains_paywalled_content":false,"_jetpack_memberships_contains_paid_content":false,"footnotes":"","jetpack_publicize_message":"","jetpack_publicize_feature_enabled":true,"jetpack_social_post_already_shared":false,"jetpack_social_options":{"image_generator_settings":{"template":"highway","default_image_id":0,"font":"","enabled":false},"version":2}},"categories":[44,3,1],"tags":[],"class_list":["post-7442","post","type-post","status-publish","format-standard","has-post-thumbnail","hentry","category-morgue","category-portada","category-sin-categoria"],"jetpack_publicize_connections":[],"jetpack_featured_media_url":"https:\/\/formalprision.com\/wp-content\/uploads\/2012\/01\/aaaquirate.jpg","jetpack_sharing_enabled":true,"jetpack_shortlink":"https:\/\/wp.me\/p6id8p-1W2","_links":{"self":[{"href":"https:\/\/formalprision.com\/index.php?rest_route=\/wp\/v2\/posts\/7442","targetHints":{"allow":["GET"]}}],"collection":[{"href":"https:\/\/formalprision.com\/index.php?rest_route=\/wp\/v2\/posts"}],"about":[{"href":"https:\/\/formalprision.com\/index.php?rest_route=\/wp\/v2\/types\/post"}],"author":[{"embeddable":true,"href":"https:\/\/formalprision.com\/index.php?rest_route=\/wp\/v2\/users\/1"}],"replies":[{"embeddable":true,"href":"https:\/\/formalprision.com\/index.php?rest_route=%2Fwp%2Fv2%2Fcomments&post=7442"}],"version-history":[{"count":0,"href":"https:\/\/formalprision.com\/index.php?rest_route=\/wp\/v2\/posts\/7442\/revisions"}],"wp:featuredmedia":[{"embeddable":true,"href":"https:\/\/formalprision.com\/index.php?rest_route=\/wp\/v2\/media\/24969"}],"wp:attachment":[{"href":"https:\/\/formalprision.com\/index.php?rest_route=%2Fwp%2Fv2%2Fmedia&parent=7442"}],"wp:term":[{"taxonomy":"category","embeddable":true,"href":"https:\/\/formalprision.com\/index.php?rest_route=%2Fwp%2Fv2%2Fcategories&post=7442"},{"taxonomy":"post_tag","embeddable":true,"href":"https:\/\/formalprision.com\/index.php?rest_route=%2Fwp%2Fv2%2Ftags&post=7442"}],"curies":[{"name":"wp","href":"https:\/\/api.w.org\/{rel}","templated":true}]}}