{"id":7448,"date":"2012-01-04T01:07:00","date_gmt":"2012-01-04T01:07:00","guid":{"rendered":"http:\/\/formalprision.info\/2012\/01\/04\/autoridades-explican-los-detalles-de\/"},"modified":"2015-06-03T08:54:05","modified_gmt":"2015-06-03T08:54:05","slug":"autoridades-explican-los-detalles-de","status":"publish","type":"post","link":"https:\/\/formalprision.com\/?p=7448","title":{"rendered":"Autoridades explican los detalles del nuevo horario de clases por el fr\u00edo ma\u00f1anero"},"content":{"rendered":"<p><a href=\"http:\/\/4.bp.blogspot.com\/-d88Zr-UpDls\/TwOm7-Y7NAI\/AAAAAAAAFb4\/ZL4hRonQFaU\/s1600\/aaacambios.JPG\"><img decoding=\"async\" id=\"BLOGGER_PHOTO_ID_5693577903216473090\" style=\"FLOAT: left; MARGIN: 0px 10px 10px 0px; WIDTH: 320px; CURSOR: hand; HEIGHT: 214px\" alt=\"\" src=\"http:\/\/formalprision.com\/wp-content\/uploads\/2012\/01\/aaacambios.jpg\" border=\"0\" \/><\/a><\/p>\n<div>La Secretar\u00eda de Educaci\u00f3n del Gobierno del Estado anunci\u00f3 hoy un ajuste en el horario de entrada a las escuelas primarias y secundarias de la entidad, desde ma\u00f1ana mi\u00e9rcoles y hasta el viernes 6 pr\u00f3ximo, en previsi\u00f3n de un descenso en la temperatura.<\/div>\n<p><\/p>\n<div>En rueda de presa, acompa\u00f1ado del director estatal de Protecci\u00f3n Civil, Manuel Mora Ugalde, y el secretario de Salud, \u00c1lvaro Quijano Vivas, el secretario de Educaci\u00f3n, Dr. Ra\u00fal Godoy Monta\u00f1ez, apunt\u00f3 que el horario de entrada en el turno matutino en primarias y secundarias se ajusta a las 8:00 horas.<\/div>\n<p><\/p>\n<div>\u201cNo se modifica el horario de salida, ni de Primaria ni de Secundaria\u201d, afirm\u00f3.<\/div>\n<p><\/p>\n<div>En los jardines de ni\u00f1os, en los que la entrada es a las 8:00 horas, se mantendr\u00e1 el horario y habr\u00e1 tolerancia para quienes lleguen m\u00e1s tarde. <\/div>\n<p><\/p>\n<div>El pr\u00f3ximo lunes 9 de enero se retomar\u00e1n los horarios regulares y se dar\u00e1 seguimiento puntual a los cambios en las temperaturas para tomar las decisiones correspondientes en los siguientes d\u00edas.<\/div>\n","protected":false},"excerpt":{"rendered":"<p>La Secretar\u00eda de Educaci\u00f3n del Gobierno del Estado anunci\u00f3 hoy un ajuste en el horario de entrada a las escuelas primarias y secundarias de la entidad, desde ma\u00f1ana mi\u00e9rcoles y<\/p>\n","protected":false},"author":1,"featured_media":24981,"comment_status":"open","ping_status":"open","sticky":false,"template":"","format":"standard","meta":{"jetpack_post_was_ever_published":false,"_jetpack_newsletter_access":"","_jetpack_dont_email_post_to_subs":false,"_jetpack_newsletter_tier_id":0,"_jetpack_memberships_contains_paywalled_content":false,"_jetpack_memberships_contains_paid_content":false,"footnotes":"","jetpack_publicize_message":"","jetpack_publicize_feature_enabled":true,"jetpack_social_post_already_shared":false,"jetpack_social_options":{"image_generator_settings":{"template":"highway","default_image_id":0,"font":"","enabled":false},"version":2}},"categories":[3,1,49,53],"tags":[],"class_list":["post-7448","post","type-post","status-publish","format-standard","has-post-thumbnail","hentry","category-portada","category-sin-categoria","category-tocho-morocho","category-yo-no-fui"],"jetpack_publicize_connections":[],"jetpack_featured_media_url":"https:\/\/formalprision.com\/wp-content\/uploads\/2012\/01\/aaacambios.jpg","jetpack_sharing_enabled":true,"jetpack_shortlink":"https:\/\/wp.me\/p6id8p-1W8","_links":{"self":[{"href":"https:\/\/formalprision.com\/index.php?rest_route=\/wp\/v2\/posts\/7448","targetHints":{"allow":["GET"]}}],"collection":[{"href":"https:\/\/formalprision.com\/index.php?rest_route=\/wp\/v2\/posts"}],"about":[{"href":"https:\/\/formalprision.com\/index.php?rest_route=\/wp\/v2\/types\/post"}],"author":[{"embeddable":true,"href":"https:\/\/formalprision.com\/index.php?rest_route=\/wp\/v2\/users\/1"}],"replies":[{"embeddable":true,"href":"https:\/\/formalprision.com\/index.php?rest_route=%2Fwp%2Fv2%2Fcomments&post=7448"}],"version-history":[{"count":0,"href":"https:\/\/formalprision.com\/index.php?rest_route=\/wp\/v2\/posts\/7448\/revisions"}],"wp:featuredmedia":[{"embeddable":true,"href":"https:\/\/formalprision.com\/index.php?rest_route=\/wp\/v2\/media\/24981"}],"wp:attachment":[{"href":"https:\/\/formalprision.com\/index.php?rest_route=%2Fwp%2Fv2%2Fmedia&parent=7448"}],"wp:term":[{"taxonomy":"category","embeddable":true,"href":"https:\/\/formalprision.com\/index.php?rest_route=%2Fwp%2Fv2%2Fcategories&post=7448"},{"taxonomy":"post_tag","embeddable":true,"href":"https:\/\/formalprision.com\/index.php?rest_route=%2Fwp%2Fv2%2Ftags&post=7448"}],"curies":[{"name":"wp","href":"https:\/\/api.w.org\/{rel}","templated":true}]}}