{"id":7449,"date":"2012-01-04T00:11:00","date_gmt":"2012-01-04T00:11:00","guid":{"rendered":"http:\/\/formalprision.info\/2012\/01\/04\/se-deslinda-la-ssp-de-una-detencion-en\/"},"modified":"2015-06-03T08:54:05","modified_gmt":"2015-06-03T08:54:05","slug":"se-deslinda-la-ssp-de-una-detencion-en","status":"publish","type":"post","link":"https:\/\/formalprision.com\/?p=7449","title":{"rendered":"Se deslinda la SSP de una detenci\u00f3n en Peto"},"content":{"rendered":"<p><a href=\"http:\/\/4.bp.blogspot.com\/-McfDIsUmowA\/TwOlcgtMyDI\/AAAAAAAAFbs\/kpNxWhjuyxE\/s1600\/saiden%2Bescudo.jpg\"><img decoding=\"async\" id=\"BLOGGER_PHOTO_ID_5693576263160875058\" style=\"FLOAT: left; MARGIN: 0px 10px 10px 0px; WIDTH: 320px; CURSOR: hand; HEIGHT: 228px\" alt=\"\" src=\"http:\/\/formalprision.com\/wp-content\/uploads\/2012\/01\/saiden-escudo2.jpg\" border=\"0\" \/><\/a><\/p>\n<div>Con relaci\u00f3n a los hechos ocurridos el pasado domingo 1 de enero en la cabecera del municipio de Peto, en donde ciudadanos se enfrentaron a funcionarios y polic\u00edas municipales por la detenci\u00f3n de una persona, consideramos necesario hacer las siguientes precisiones:<br \/>El citado d\u00eda, polic\u00edas municipales se presentaron a una plaza taurina y detuvieron al propietario, Vicente Dom\u00ednguez Canto, por carecer de permisos para realizar una corrida programada para las 17:30 hrs.<br \/>Ni antes ni durante dicha actuaci\u00f3n policial, el Ayuntamiento notific\u00f3 a esta Secretar\u00eda ni solicit\u00f3 su apoyo.<br \/>Personas inconformes con el procedimiento de la Polic\u00eda Municipal, entre ellas familiares del detenido, acudieron al Palacio Municipal a exigir su liberaci\u00f3n.<br \/>A las 14:46 hrs. esta Secretar\u00eda recibi\u00f3 a trav\u00e9s del n\u00famero 060 la llamada de una persona que dijo llamarse Sandra Molina Coronel, directora de la Polic\u00eda Municipal de Peto, solicitando auxilio porque hab\u00eda aproximadamente 200 personas tratando de ingresar por la fuerza al Palacio Municipal.<br \/>En atenci\u00f3n a esa \u00fanica llamada se moviliz\u00f3 a las unidades 1877, 1894 y 5613, que se encontraban en los tramos carreteros Peto-Santa Rosa, Peto-Ichmul y Peto-Tzucacab, respectivamente, en labores de vigilancia por la Feria Anual Tradicional de Peto, que se realiza del 26 de diciembre al 6 de enero.<br \/>Cuando las mencionadas unidades que estaban en las carreteras llegaron al poblado, junto con otras de refuerzo, las personas que se enfrentaron a los elementos municipales se hab\u00edan retirado.<br \/>Las fotograf\u00edas que la autoridad municipal de Peto ha difundido, corresponden a este momento.<br \/>En cuanto a la mencionada base que tiene la SSP cerca del Palacio Municipal, hay que aclarar que no es policial, sino de Bomberos. <\/div>\n<p><\/p>\n<div>Ese d\u00eda estaban destacadas ah\u00ed la unidad 794 de Bomberos y la ambulancia Y-4, con dos elementos cada una, mismas que por necesidades de la temporada vacacional se ubican la mayor parte del tiempo en la carretera M\u00e9rida-Peto.<br \/>Reiteramos que las autoridades municipales han recibido el apoyo de esta Secretar\u00eda cuando lo han solicitado, siempre con respeto a su autonom\u00eda en apego a las competencias y facultades de Ley. <\/div>\n<p><\/p>\n<div>Una muestra es la vigilancia establecida por la Feria Anual, a solicitud expresa mediante oficio del 15 de noviembre de 2011.<br \/>La Polic\u00eda Municipal debi\u00f3 solicitar el apoyo de la Polic\u00eda Estatal antes de efectuar la detenci\u00f3n, a fin de garantizar la seguridad de sus elementos y de las personas que se encontraban en el lugar del evento, m\u00e1s a\u00fan dadas las circunstancias del momento por la cantidad de gente.<br \/>El Ayuntamiento de Peto, al divulgar por la prensa acusaciones infundadas contra la Secretar\u00eda de Seguridad P\u00fablica, intenta deslindarse de las consecuencias de sus actos y en nada contribuye a la coordinaci\u00f3n institucional que debe existir en beneficio de la sociedad, misma que por nuestra parte reiteramos que mantendremos, en cumplimiento de las instrucciones de la titular del Ejecutivo yucateco, de velar por la seguridad de todas y cada una de las comunidades de nuestra entidad, sin distinciones de ninguna naturaleza. (Comunicado Oficial)<\/p>\n<p><\/div>\n","protected":false},"excerpt":{"rendered":"<p>Con relaci\u00f3n a los hechos ocurridos el pasado domingo 1 de enero en la cabecera del municipio de Peto, en donde ciudadanos se enfrentaron a funcionarios y polic\u00edas municipales por<\/p>\n","protected":false},"author":1,"featured_media":24983,"comment_status":"open","ping_status":"open","sticky":false,"template":"","format":"standard","meta":{"jetpack_post_was_ever_published":false,"_jetpack_newsletter_access":"","_jetpack_dont_email_post_to_subs":false,"_jetpack_newsletter_tier_id":0,"_jetpack_memberships_contains_paywalled_content":false,"_jetpack_memberships_contains_paid_content":false,"footnotes":"","jetpack_publicize_message":"","jetpack_publicize_feature_enabled":true,"jetpack_social_post_already_shared":false,"jetpack_social_options":{"image_generator_settings":{"template":"highway","default_image_id":0,"font":"","enabled":false},"version":2}},"categories":[3,1,49],"tags":[],"class_list":["post-7449","post","type-post","status-publish","format-standard","has-post-thumbnail","hentry","category-portada","category-sin-categoria","category-tocho-morocho"],"jetpack_publicize_connections":[],"jetpack_featured_media_url":"https:\/\/formalprision.com\/wp-content\/uploads\/2012\/01\/saiden-escudo2.jpg","jetpack_sharing_enabled":true,"jetpack_shortlink":"https:\/\/wp.me\/p6id8p-1W9","_links":{"self":[{"href":"https:\/\/formalprision.com\/index.php?rest_route=\/wp\/v2\/posts\/7449","targetHints":{"allow":["GET"]}}],"collection":[{"href":"https:\/\/formalprision.com\/index.php?rest_route=\/wp\/v2\/posts"}],"about":[{"href":"https:\/\/formalprision.com\/index.php?rest_route=\/wp\/v2\/types\/post"}],"author":[{"embeddable":true,"href":"https:\/\/formalprision.com\/index.php?rest_route=\/wp\/v2\/users\/1"}],"replies":[{"embeddable":true,"href":"https:\/\/formalprision.com\/index.php?rest_route=%2Fwp%2Fv2%2Fcomments&post=7449"}],"version-history":[{"count":0,"href":"https:\/\/formalprision.com\/index.php?rest_route=\/wp\/v2\/posts\/7449\/revisions"}],"wp:featuredmedia":[{"embeddable":true,"href":"https:\/\/formalprision.com\/index.php?rest_route=\/wp\/v2\/media\/24983"}],"wp:attachment":[{"href":"https:\/\/formalprision.com\/index.php?rest_route=%2Fwp%2Fv2%2Fmedia&parent=7449"}],"wp:term":[{"taxonomy":"category","embeddable":true,"href":"https:\/\/formalprision.com\/index.php?rest_route=%2Fwp%2Fv2%2Fcategories&post=7449"},{"taxonomy":"post_tag","embeddable":true,"href":"https:\/\/formalprision.com\/index.php?rest_route=%2Fwp%2Fv2%2Ftags&post=7449"}],"curies":[{"name":"wp","href":"https:\/\/api.w.org\/{rel}","templated":true}]}}