{"id":74517,"date":"2019-10-07T17:59:01","date_gmt":"2019-10-07T22:59:01","guid":{"rendered":"http:\/\/formalprision.com\/?p=74517"},"modified":"2019-10-07T17:59:06","modified_gmt":"2019-10-07T22:59:06","slug":"el-malecon-de-progreso-de-nuevo-tendra-banos-publicos","status":"publish","type":"post","link":"https:\/\/formalprision.com\/?p=74517","title":{"rendered":"El malec\u00f3n de Progreso de nuevo tendr\u00e1 ba\u00f1os p\u00fablicos"},"content":{"rendered":"\n<p>El malec\u00f3n de Progreso contar\u00e1 de nuevo con ba\u00f1os p\u00fablicos, una de las carencias m\u00e1s evidentes del lugar.<\/p>\n\n\n\n<p>Estar\u00e1n terminados muy pronto, pues se tiene un 90% de avance en los que se construyen, seg\u00fan inform\u00f3 el propio alcalde progrese\u00f1o, Juli\u00e1n Zacar\u00edas Curi.<\/p>\n\n\n\n<p>Aunque parezca incre\u00edble, el malec\u00f3n no tiene ba\u00f1os p\u00fablicos desde hace muchos a\u00f1os, de manera que los turistas, visitantes y locales tienen que pagar para usar los de los restaurantes y negocios que los alquilan.<\/p>\n\n\n\n<p>Al parecer contar\u00e1n con regaderas, ya que las del malec\u00f3n  se encuentran en completo abandono, toda vez que desde 2014 no funcionan, de manera que los ba\u00f1istas no tienen donde enjuagarse saliendo del mar.<\/p>\n\n\n\n<p>El malec\u00f3n est\u00e1 siendo sometido a remodelaci\u00f3n y al parecer el proyecto contempla la rehabilitaci\u00f3n de esas regaderas.<\/p>\n","protected":false},"excerpt":{"rendered":"<p>El malec\u00f3n de Progreso contar\u00e1 de nuevo con ba\u00f1os p\u00fablicos, una de las carencias m\u00e1s evidentes del lugar. Estar\u00e1n terminados muy pronto, pues se tiene un 90% de avance en<\/p>\n","protected":false},"author":1,"featured_media":74518,"comment_status":"open","ping_status":"open","sticky":false,"template":"","format":"standard","meta":{"jetpack_post_was_ever_published":false,"_jetpack_newsletter_access":"","_jetpack_dont_email_post_to_subs":false,"_jetpack_newsletter_tier_id":0,"_jetpack_memberships_contains_paywalled_content":false,"_jetpack_memberships_contains_paid_content":false,"footnotes":"","jetpack_publicize_message":"","jetpack_publicize_feature_enabled":true,"jetpack_social_post_already_shared":true,"jetpack_social_options":{"image_generator_settings":{"template":"highway","default_image_id":0,"font":"","enabled":false},"version":2}},"categories":[54],"tags":[],"class_list":["post-74517","post","type-post","status-publish","format-standard","has-post-thumbnail","hentry","category-yucatan"],"jetpack_publicize_connections":[],"jetpack_featured_media_url":"https:\/\/formalprision.com\/wp-content\/uploads\/2019\/10\/IMG_5361.jpg","jetpack_sharing_enabled":true,"jetpack_shortlink":"https:\/\/wp.me\/p6id8p-jnT","_links":{"self":[{"href":"https:\/\/formalprision.com\/index.php?rest_route=\/wp\/v2\/posts\/74517","targetHints":{"allow":["GET"]}}],"collection":[{"href":"https:\/\/formalprision.com\/index.php?rest_route=\/wp\/v2\/posts"}],"about":[{"href":"https:\/\/formalprision.com\/index.php?rest_route=\/wp\/v2\/types\/post"}],"author":[{"embeddable":true,"href":"https:\/\/formalprision.com\/index.php?rest_route=\/wp\/v2\/users\/1"}],"replies":[{"embeddable":true,"href":"https:\/\/formalprision.com\/index.php?rest_route=%2Fwp%2Fv2%2Fcomments&post=74517"}],"version-history":[{"count":0,"href":"https:\/\/formalprision.com\/index.php?rest_route=\/wp\/v2\/posts\/74517\/revisions"}],"wp:featuredmedia":[{"embeddable":true,"href":"https:\/\/formalprision.com\/index.php?rest_route=\/wp\/v2\/media\/74518"}],"wp:attachment":[{"href":"https:\/\/formalprision.com\/index.php?rest_route=%2Fwp%2Fv2%2Fmedia&parent=74517"}],"wp:term":[{"taxonomy":"category","embeddable":true,"href":"https:\/\/formalprision.com\/index.php?rest_route=%2Fwp%2Fv2%2Fcategories&post=74517"},{"taxonomy":"post_tag","embeddable":true,"href":"https:\/\/formalprision.com\/index.php?rest_route=%2Fwp%2Fv2%2Ftags&post=74517"}],"curies":[{"name":"wp","href":"https:\/\/api.w.org\/{rel}","templated":true}]}}