{"id":7456,"date":"2012-01-02T15:33:00","date_gmt":"2012-01-02T15:33:00","guid":{"rendered":"http:\/\/formalprision.info\/2012\/01\/02\/borrachera-mortal-ebrio-se-acuesta\/"},"modified":"2015-06-03T08:54:08","modified_gmt":"2015-06-03T08:54:08","slug":"borrachera-mortal-ebrio-se-acuesta","status":"publish","type":"post","link":"https:\/\/formalprision.com\/?p=7456","title":{"rendered":"Borrachera mortal: ebrio se acuesta a dormir junto a su beb\u00e9 y la asfixia"},"content":{"rendered":"<p><a href=\"http:\/\/4.bp.blogspot.com\/-gGbLRs2qVS8\/TwGuuq_C6tI\/AAAAAAAAFZ0\/PODkP4XvOHU\/s1600\/aaaaescudo%2Bde%2Bla%2Bfiscalia.jpg\"><img decoding=\"async\" id=\"BLOGGER_PHOTO_ID_5693023520808954578\" style=\"FLOAT: left; MARGIN: 0px 10px 10px 0px; WIDTH: 320px; CURSOR: hand; HEIGHT: 318px\" alt=\"\" src=\"http:\/\/formalprision.com\/wp-content\/uploads\/2012\/01\/aaaaescudo-de-la-fiscalia11.jpg\" border=\"0\" \/><\/a><\/p>\n<p><\/p>\n<div>La tragedia se hizo presente este inicio de a\u00f1o en el fraccionamiento Vergel I!I, donde una reci\u00e9n nacida muri\u00f3 luego de que su padre ebrio se acostara junto a ella y la asfixiara.<br \/>Aunque el sujeto no actu\u00f3 con dolo, fue detenido por agentes polic\u00edacos para deslindar responsabilidades, pues su conducta recaer\u00eda en el delito de homicidio imprudencial.<br \/>Los hechos tuvieron lugar ayer domingo por la ma\u00f1ana en un predio de la calle 23-A entre 10 y 10-B de ese fraccionamiento, ubicado al oriente e la ciudad.<br \/>Seg\u00fan el reporte preliminar de la polic\u00eda, Humberto Ni\u00f1o Ek, de 22 a\u00f1os, festej\u00f3 el fin de a\u00f1o y ya por la ma\u00f1ana, a las 8, se acost\u00f3 a dormir junto a su peque\u00f1a hija, nacida apenas seis semanas atr\u00e1s.<br \/>Por el estado en que se encontraba, el sujeto no se percat\u00f3 que al girar aplast\u00f3 el cuerpo de la peque\u00f1a y termin\u00f3 asfixi\u00e1ndola.<br \/>A las 10 de la ma\u00f1ana, la abuela de la ni\u00f1a entr\u00f3 al cuarto y al ver que el muchacho estaba sobre el cuerpo de la peque\u00f1a, la hizo a un lado, pero not\u00f3 que algo andaba mal, pues el cuerpecito de la menor estaba morado y fr\u00edo.<br \/>De inmediato, la mujer dio aviso a la Secretar\u00eda de Seguridad P\u00fablica, que envi\u00f3 al sitio a un par de param\u00e9dicos, pero \u00e9stos ya no pudieron hacer nada, pues la beb\u00e9 hab\u00eda muerto.<br \/>Los familiares dijeron a la polic\u00eda que la beb\u00e9 no ten\u00eda nombre, pues no hab\u00eda sido registrada aun.<\/div>\n","protected":false},"excerpt":{"rendered":"<p>La tragedia se hizo presente este inicio de a\u00f1o en el fraccionamiento Vergel I!I, donde una reci\u00e9n nacida muri\u00f3 luego de que su padre ebrio se acostara junto a ella<\/p>\n","protected":false},"author":1,"featured_media":24996,"comment_status":"open","ping_status":"open","sticky":false,"template":"","format":"standard","meta":{"jetpack_post_was_ever_published":false,"_jetpack_newsletter_access":"","_jetpack_dont_email_post_to_subs":false,"_jetpack_newsletter_tier_id":0,"_jetpack_memberships_contains_paywalled_content":false,"_jetpack_memberships_contains_paid_content":false,"footnotes":"","jetpack_publicize_message":"","jetpack_publicize_feature_enabled":true,"jetpack_social_post_already_shared":false,"jetpack_social_options":{"image_generator_settings":{"template":"highway","default_image_id":0,"font":"","enabled":false},"version":2}},"categories":[59,44,3,1],"tags":[],"class_list":["post-7456","post","type-post","status-publish","format-standard","has-post-thumbnail","hentry","category-asesinos","category-morgue","category-portada","category-sin-categoria"],"jetpack_publicize_connections":[],"jetpack_featured_media_url":"https:\/\/formalprision.com\/wp-content\/uploads\/2012\/01\/aaaaescudo-de-la-fiscalia11.jpg","jetpack_sharing_enabled":true,"jetpack_shortlink":"https:\/\/wp.me\/p6id8p-1Wg","_links":{"self":[{"href":"https:\/\/formalprision.com\/index.php?rest_route=\/wp\/v2\/posts\/7456","targetHints":{"allow":["GET"]}}],"collection":[{"href":"https:\/\/formalprision.com\/index.php?rest_route=\/wp\/v2\/posts"}],"about":[{"href":"https:\/\/formalprision.com\/index.php?rest_route=\/wp\/v2\/types\/post"}],"author":[{"embeddable":true,"href":"https:\/\/formalprision.com\/index.php?rest_route=\/wp\/v2\/users\/1"}],"replies":[{"embeddable":true,"href":"https:\/\/formalprision.com\/index.php?rest_route=%2Fwp%2Fv2%2Fcomments&post=7456"}],"version-history":[{"count":0,"href":"https:\/\/formalprision.com\/index.php?rest_route=\/wp\/v2\/posts\/7456\/revisions"}],"wp:featuredmedia":[{"embeddable":true,"href":"https:\/\/formalprision.com\/index.php?rest_route=\/wp\/v2\/media\/24996"}],"wp:attachment":[{"href":"https:\/\/formalprision.com\/index.php?rest_route=%2Fwp%2Fv2%2Fmedia&parent=7456"}],"wp:term":[{"taxonomy":"category","embeddable":true,"href":"https:\/\/formalprision.com\/index.php?rest_route=%2Fwp%2Fv2%2Fcategories&post=7456"},{"taxonomy":"post_tag","embeddable":true,"href":"https:\/\/formalprision.com\/index.php?rest_route=%2Fwp%2Fv2%2Ftags&post=7456"}],"curies":[{"name":"wp","href":"https:\/\/api.w.org\/{rel}","templated":true}]}}