{"id":7457,"date":"2012-01-02T14:27:00","date_gmt":"2012-01-02T14:27:00","guid":{"rendered":"http:\/\/formalprision.info\/2012\/01\/02\/piden-apoyo-de-ivonne-ortega-para\/"},"modified":"2015-06-03T08:54:08","modified_gmt":"2015-06-03T08:54:08","slug":"piden-apoyo-de-ivonne-ortega-para","status":"publish","type":"post","link":"https:\/\/formalprision.com\/?p=7457","title":{"rendered":"Piden apoyo de Ivonne Ortega para rescatar cad\u00e1ver en una presa del Estado de M\u00e9xico"},"content":{"rendered":"<p><a href=\"http:\/\/3.bp.blogspot.com\/-tnOIQNZdWlg\/TwG_RfQyhzI\/AAAAAAAAFaA\/kQCeUCR0I0M\/s1600\/saiden%2Bescudo.jpg\"><img decoding=\"async\" id=\"BLOGGER_PHOTO_ID_5693041711143618354\" style=\"FLOAT: left; MARGIN: 0px 10px 10px 0px; WIDTH: 320px; CURSOR: hand; HEIGHT: 228px\" alt=\"\" src=\"http:\/\/formalprision.com\/wp-content\/uploads\/2012\/01\/saiden-escudo3.jpg\" border=\"0\" \/><\/a><\/p>\n<p><\/p>\n<div>Familiares y amigos de un hombre que falleci\u00f3 accidentalmente en una presa del Estado de M\u00e9xico solicitaron apoyo del gobierno de Yucat\u00e1n para tratar de localizar el cad\u00e1ver.<br \/>La petici\u00f3n fue hecha directamente a la gobernadora Ivonne Ortega Pacheco, a quien pidieron el envi\u00f3 de buzos expertos de la Secretar\u00eda de Seguridad p\u00fablica, con experiencia en la localizaci\u00f3n de cad\u00e1veres.<br \/>La gobernadora Ivonne ortega Pacheco dijo estar dispuesta ayudar, pero gir\u00f3 instrucciones para averiguar bien el caso, pues hay antecedentes de que ya hicieron una b\u00fasqueda previa buzos de Protecci\u00f3n Civil de Atizap\u00e1n de Zaragoza, en el Estado de M\u00e9xico.<br \/>Aunque oficialmente no se le ha dado por muerto, la persona que cay\u00f3 al agua es Javier Plata Dur\u00e1n, de 28 a\u00f1os de edad.<br \/>El cay\u00f3 el s\u00e1bado pasado de una lancha en la que paseaba con otra persona y un adolescente de 12 a\u00f1os por la presa Mad\u00edn, en Atizap\u00e1n.<br \/>Javier y el adolescente cayeron al gua, aunque el menor logr\u00f3 salvarse porque llevaba puesto un chaleco salvavidas.<\/p>\n<p>A trav\u00e9s de Twitter, @KarenzzCobain, hermana de Javier Platas, y @JennIslas (Jennifer Islas) solicitaron anoche apoyo a Ivonne Ortega Pacheco<br \/>_@IvonneOP tienes alg\u00fan buzo? Un joven en edomex cay\u00f3 a una presa y no ha sido rescatado @KarenzzCobain, su hna, est\u00e1 deses\u00e8rada. Ay\u00fadalos porfa \u2013se\u00f1al\u00f3 en su cuenta de Twitter la joven Jennifer Islas en su petici\u00f3n a Ortega Pacheco.<br \/>Posteriormente, la misma joven indic\u00f3 en otro mensaje que segu\u00eda esperado la respuesta de la gobernadora yucateca para saber si ten\u00eda buzos.<br \/>Esta ma\u00f1ana, tambi\u00e9n a trav\u00e9s de su cuenta de Twitter, la gobernadora Ivonne Ortega Pacheco les respondi\u00f3 a las j\u00f3venes diciendo que C\u00f3mo puedo ayudar? C\u00f3mo va todo? Y gir\u00f3 instrucciones a sus colaboradores para ponerse en contacto con las j\u00f3venes y averiguar si ya hab\u00eda sido rescatado el cuerpo y enviar la ayuda.<br \/>La hermana del joven desaparecido tiene el n\u00famero telef\u00f3nico 5562430859, pero se ignora si el gobierno del Estado de Yucat\u00e1n ya la ha contactado.<br \/>La presa Mad\u00edn tiene 30 metros de profundidad en la zona donde ocurri\u00f3 el accidente. <\/div>\n","protected":false},"excerpt":{"rendered":"<p>Familiares y amigos de un hombre que falleci\u00f3 accidentalmente en una presa del Estado de M\u00e9xico solicitaron apoyo del gobierno de Yucat\u00e1n para tratar de localizar el cad\u00e1ver.La petici\u00f3n fue<\/p>\n","protected":false},"author":1,"featured_media":24998,"comment_status":"open","ping_status":"open","sticky":false,"template":"","format":"standard","meta":{"jetpack_post_was_ever_published":false,"_jetpack_newsletter_access":"","_jetpack_dont_email_post_to_subs":false,"_jetpack_newsletter_tier_id":0,"_jetpack_memberships_contains_paywalled_content":false,"_jetpack_memberships_contains_paid_content":false,"footnotes":"","jetpack_publicize_message":"","jetpack_publicize_feature_enabled":true,"jetpack_social_post_already_shared":false,"jetpack_social_options":{"image_generator_settings":{"template":"highway","default_image_id":0,"font":"","enabled":false},"version":2}},"categories":[44,3,58,1],"tags":[],"class_list":["post-7457","post","type-post","status-publish","format-standard","has-post-thumbnail","hentry","category-morgue","category-portada","category-rescates","category-sin-categoria"],"jetpack_publicize_connections":[],"jetpack_featured_media_url":"https:\/\/formalprision.com\/wp-content\/uploads\/2012\/01\/saiden-escudo3.jpg","jetpack_sharing_enabled":true,"jetpack_shortlink":"https:\/\/wp.me\/p6id8p-1Wh","_links":{"self":[{"href":"https:\/\/formalprision.com\/index.php?rest_route=\/wp\/v2\/posts\/7457","targetHints":{"allow":["GET"]}}],"collection":[{"href":"https:\/\/formalprision.com\/index.php?rest_route=\/wp\/v2\/posts"}],"about":[{"href":"https:\/\/formalprision.com\/index.php?rest_route=\/wp\/v2\/types\/post"}],"author":[{"embeddable":true,"href":"https:\/\/formalprision.com\/index.php?rest_route=\/wp\/v2\/users\/1"}],"replies":[{"embeddable":true,"href":"https:\/\/formalprision.com\/index.php?rest_route=%2Fwp%2Fv2%2Fcomments&post=7457"}],"version-history":[{"count":0,"href":"https:\/\/formalprision.com\/index.php?rest_route=\/wp\/v2\/posts\/7457\/revisions"}],"wp:featuredmedia":[{"embeddable":true,"href":"https:\/\/formalprision.com\/index.php?rest_route=\/wp\/v2\/media\/24998"}],"wp:attachment":[{"href":"https:\/\/formalprision.com\/index.php?rest_route=%2Fwp%2Fv2%2Fmedia&parent=7457"}],"wp:term":[{"taxonomy":"category","embeddable":true,"href":"https:\/\/formalprision.com\/index.php?rest_route=%2Fwp%2Fv2%2Fcategories&post=7457"},{"taxonomy":"post_tag","embeddable":true,"href":"https:\/\/formalprision.com\/index.php?rest_route=%2Fwp%2Fv2%2Ftags&post=7457"}],"curies":[{"name":"wp","href":"https:\/\/api.w.org\/{rel}","templated":true}]}}