{"id":7465,"date":"2011-12-30T04:00:00","date_gmt":"2011-12-30T04:00:00","guid":{"rendered":"http:\/\/formalprision.info\/2011\/12\/30\/dan-conocer-el-calendario-y-precios-de\/"},"modified":"2015-06-03T08:54:10","modified_gmt":"2015-06-03T08:54:10","slug":"dan-conocer-el-calendario-y-precios-de","status":"publish","type":"post","link":"https:\/\/formalprision.com\/?p=7465","title":{"rendered":"Dan a conocer el calendario y precios del refrendo de las placas vehiculares"},"content":{"rendered":"<p><a href=\"http:\/\/3.bp.blogspot.com\/--lUyhahbYj4\/Tv05HytcxFI\/AAAAAAAAFYU\/PTlvi1gIunw\/s1600\/aaacalendario.jpg\"><img decoding=\"async\" id=\"BLOGGER_PHOTO_ID_5691768310100444242\" style=\"FLOAT: left; MARGIN: 0px 10px 10px 0px; WIDTH: 320px; CURSOR: hand; HEIGHT: 218px\" alt=\"\" src=\"http:\/\/formalprision.com\/wp-content\/uploads\/2011\/12\/aaacalendario.jpg\" border=\"0\" \/><\/a><\/p>\n<div>El gobierno del Estado dio a conocer el calendario de refrendo de las placas vehiculares.<\/div>\n<p><\/p>\n<div>Con el refrendo, los yucatecos har\u00e1n un pago \u00fanico para un plazo de tres a\u00f1os de $204 para autom\u00f3viles y camionetas y de $60 para motos, lo que representa ahorros de entre 94% y 317%,<\/div>\n<p><\/p>\n<div>Si se hubiera realizado el reemplacamiento, seg\u00fan el gobierno estatal, los pagos de derechos para autom\u00f3viles ir\u00edan de $397 hasta $852, y para motocicletas de $248 hasta $343.<\/div>\n<p><\/p>\n<div>Se refrenda la tarjeta de circulaci\u00f3n, placas y calcoman\u00eda correspondientes a las placas de circulaci\u00f3n vigentes al 31 de diciembre del a\u00f1o 2011, cuya vigencia se extender\u00e1 hasta el d\u00eda 31 de diciembre del a\u00f1o 2014, de acuerdo al calendario, plazos, t\u00e9rminos y requisitos correspondientes.<\/div>\n<p><\/p>\n<div>A fin de cumplir con dicho requisito, los tenedores de veh\u00edculos automotores deber\u00e1n presentar documentos como: identificaci\u00f3n oficial, comprobante de domicilio, p\u00f3liza de seguro vigente que ampare al menos la responsabilidad civil por da\u00f1os a terceros, comprobante de \u00faltimo pago de tenencia o derecho vehicular, cubrir el pago de tenencia e infracciones de tr\u00e1nsito del veh\u00edculo.<\/div>\n<p><\/p>\n<div>Para realizar dicho tr\u00e1mite se dispondr\u00e1 m\u00f3dulos de atenci\u00f3n en M\u00e9rida: en la ex penitenciar\u00eda \u201cBenito Ju\u00e1rez\u201d, en el Centro de Convenciones Yucat\u00e1n Siglo XXI y en Circuito Colonias, Unidad Morelos (Kukulc\u00e1n), as\u00ed como en la Direcci\u00f3n de Transporte, con horarios de atenci\u00f3n al p\u00fablico de lunes a viernes de 8:00 a 16:00 hrs. y s\u00e1bados de 8:00 a 13:00 hrs.<\/div>\n<p><\/p>\n<div>Por lo que toca a las flotillas, se efectuar\u00e1 el tr\u00e1mite en el m\u00f3dulo central, en la planta alta, en el centro de esta capital, de lunes a viernes de 8:00 a 14:00 hrs., y s\u00e1bados de 8:00 a 13:00 hrs.<\/div>\n<p><\/p>\n<div>En el interior del Estado habr\u00e1 m\u00f3dulos en los municipios de Progreso, Valladolid, Tizim\u00edn, Ticul, Izamal, Maxcan\u00fa, Hunucm\u00e1 y Peto.<\/div>\n","protected":false},"excerpt":{"rendered":"<p>El gobierno del Estado dio a conocer el calendario de refrendo de las placas vehiculares. Con el refrendo, los yucatecos har\u00e1n un pago \u00fanico para un plazo de tres a\u00f1os<\/p>\n","protected":false},"author":1,"featured_media":25013,"comment_status":"open","ping_status":"open","sticky":false,"template":"","format":"standard","meta":{"jetpack_post_was_ever_published":false,"_jetpack_newsletter_access":"","_jetpack_dont_email_post_to_subs":false,"_jetpack_newsletter_tier_id":0,"_jetpack_memberships_contains_paywalled_content":false,"_jetpack_memberships_contains_paid_content":false,"footnotes":"","jetpack_publicize_message":"","jetpack_publicize_feature_enabled":true,"jetpack_social_post_already_shared":false,"jetpack_social_options":{"image_generator_settings":{"template":"highway","default_image_id":0,"font":"","enabled":false},"version":2}},"categories":[3,1,49],"tags":[],"class_list":["post-7465","post","type-post","status-publish","format-standard","has-post-thumbnail","hentry","category-portada","category-sin-categoria","category-tocho-morocho"],"jetpack_publicize_connections":[],"jetpack_featured_media_url":"https:\/\/formalprision.com\/wp-content\/uploads\/2011\/12\/aaacalendario.jpg","jetpack_sharing_enabled":true,"jetpack_shortlink":"https:\/\/wp.me\/p6id8p-1Wp","_links":{"self":[{"href":"https:\/\/formalprision.com\/index.php?rest_route=\/wp\/v2\/posts\/7465","targetHints":{"allow":["GET"]}}],"collection":[{"href":"https:\/\/formalprision.com\/index.php?rest_route=\/wp\/v2\/posts"}],"about":[{"href":"https:\/\/formalprision.com\/index.php?rest_route=\/wp\/v2\/types\/post"}],"author":[{"embeddable":true,"href":"https:\/\/formalprision.com\/index.php?rest_route=\/wp\/v2\/users\/1"}],"replies":[{"embeddable":true,"href":"https:\/\/formalprision.com\/index.php?rest_route=%2Fwp%2Fv2%2Fcomments&post=7465"}],"version-history":[{"count":0,"href":"https:\/\/formalprision.com\/index.php?rest_route=\/wp\/v2\/posts\/7465\/revisions"}],"wp:featuredmedia":[{"embeddable":true,"href":"https:\/\/formalprision.com\/index.php?rest_route=\/wp\/v2\/media\/25013"}],"wp:attachment":[{"href":"https:\/\/formalprision.com\/index.php?rest_route=%2Fwp%2Fv2%2Fmedia&parent=7465"}],"wp:term":[{"taxonomy":"category","embeddable":true,"href":"https:\/\/formalprision.com\/index.php?rest_route=%2Fwp%2Fv2%2Fcategories&post=7465"},{"taxonomy":"post_tag","embeddable":true,"href":"https:\/\/formalprision.com\/index.php?rest_route=%2Fwp%2Fv2%2Ftags&post=7465"}],"curies":[{"name":"wp","href":"https:\/\/api.w.org\/{rel}","templated":true}]}}