{"id":7466,"date":"2011-12-29T23:07:00","date_gmt":"2011-12-29T23:07:00","guid":{"rendered":"http:\/\/formalprision.info\/2011\/12\/29\/detiene-la-ssp-los-ladrones-de-la-caja\/"},"modified":"2015-06-03T08:54:10","modified_gmt":"2015-06-03T08:54:10","slug":"detiene-la-ssp-los-ladrones-de-la-caja","status":"publish","type":"post","link":"https:\/\/formalprision.com\/?p=7466","title":{"rendered":"Detiene la SSP a los ladrones de la caja fuerte con $2 millones"},"content":{"rendered":"<p><a href=\"http:\/\/1.bp.blogspot.com\/-FHC4NKlBu1Y\/Tv06p6NyfuI\/AAAAAAAAFYg\/iI8nZUZo4AE\/s1600\/aaaustituir.jpg\"><img decoding=\"async\" id=\"BLOGGER_PHOTO_ID_5691769995742314210\" style=\"FLOAT: left; MARGIN: 0px 10px 10px 0px; WIDTH: 320px; CURSOR: hand; HEIGHT: 240px\" alt=\"\" src=\"http:\/\/formalprision.com\/wp-content\/uploads\/2011\/12\/aaaustituir.jpg\" border=\"0\" \/><\/a><\/p>\n<div>\n<p><\/p>\n<div>Dos individuos presuntamente involucrados en el robo de una caja fuerte el pasado domingo 18 en la ciudad de Progreso fueron detenidos por elementos de la Secretar\u00eda de Seguridad P\u00fablica en coordinaci\u00f3n con la Polic\u00eda Ministerial.<br \/>Argel Antonio Chan Rodr\u00edguez, de 21 a\u00f1os de edad, y Jorge Carlos Santana Luna, de 20 a\u00f1os, fueron aprehendidos ayer en distintos rumbos de M\u00e9rida y por distintas causas. Los dos admitieron estar relacionados con el hurto de la caja fuerte.<\/div>\n<p><\/p>\n<div>Santana Luna es familiar de la familia Luna, due\u00f1a de la caja fuerte donde ocurri\u00f3 el robo.<\/div>\n<p><\/p>\n<div>Sus familiares hab\u00edan difundido hoy a trav\u00e9s de las redes sociales que estaba desaparecido, pero en realidad estaba detenido en los separos de la SSP.<\/div>\n<p><\/p>\n<div>El primero de ellos, Chan Rodr\u00edguez, fue capturado en la calle 43 por 16 de la comisar\u00eda de Chich\u00ed Su\u00e1rez, por el asalto a mano armada (cuchillo) a un transe\u00fante, quien interpuso su denuncia ante las autoridades competentes.<br \/>Por su parte, Santana Luna fue detenido anoche por alterar la paz p\u00fablica y portaci\u00f3n de un cuchillo, en la calle 74 por 59, en el centro de M\u00e9rida.<br \/>Fueron puestos a disposici\u00f3n de las autoridades ministeriales. <\/div>\n<\/div>\n","protected":false},"excerpt":{"rendered":"<p>Dos individuos presuntamente involucrados en el robo de una caja fuerte el pasado domingo 18 en la ciudad de Progreso fueron detenidos por elementos de la Secretar\u00eda de Seguridad P\u00fablica<\/p>\n","protected":false},"author":1,"featured_media":25015,"comment_status":"open","ping_status":"open","sticky":false,"template":"","format":"standard","meta":{"jetpack_post_was_ever_published":false,"_jetpack_newsletter_access":"","_jetpack_dont_email_post_to_subs":false,"_jetpack_newsletter_tier_id":0,"_jetpack_memberships_contains_paywalled_content":false,"_jetpack_memberships_contains_paid_content":false,"footnotes":"","jetpack_publicize_message":"","jetpack_publicize_feature_enabled":true,"jetpack_social_post_already_shared":false,"jetpack_social_options":{"image_generator_settings":{"template":"highway","default_image_id":0,"font":"","enabled":false},"version":2}},"categories":[45,3,1],"tags":[],"class_list":["post-7466","post","type-post","status-publish","format-standard","has-post-thumbnail","hentry","category-delincuentes-vip","category-portada","category-sin-categoria"],"jetpack_publicize_connections":[],"jetpack_featured_media_url":"https:\/\/formalprision.com\/wp-content\/uploads\/2011\/12\/aaaustituir.jpg","jetpack_sharing_enabled":true,"jetpack_shortlink":"https:\/\/wp.me\/p6id8p-1Wq","_links":{"self":[{"href":"https:\/\/formalprision.com\/index.php?rest_route=\/wp\/v2\/posts\/7466","targetHints":{"allow":["GET"]}}],"collection":[{"href":"https:\/\/formalprision.com\/index.php?rest_route=\/wp\/v2\/posts"}],"about":[{"href":"https:\/\/formalprision.com\/index.php?rest_route=\/wp\/v2\/types\/post"}],"author":[{"embeddable":true,"href":"https:\/\/formalprision.com\/index.php?rest_route=\/wp\/v2\/users\/1"}],"replies":[{"embeddable":true,"href":"https:\/\/formalprision.com\/index.php?rest_route=%2Fwp%2Fv2%2Fcomments&post=7466"}],"version-history":[{"count":0,"href":"https:\/\/formalprision.com\/index.php?rest_route=\/wp\/v2\/posts\/7466\/revisions"}],"wp:featuredmedia":[{"embeddable":true,"href":"https:\/\/formalprision.com\/index.php?rest_route=\/wp\/v2\/media\/25015"}],"wp:attachment":[{"href":"https:\/\/formalprision.com\/index.php?rest_route=%2Fwp%2Fv2%2Fmedia&parent=7466"}],"wp:term":[{"taxonomy":"category","embeddable":true,"href":"https:\/\/formalprision.com\/index.php?rest_route=%2Fwp%2Fv2%2Fcategories&post=7466"},{"taxonomy":"post_tag","embeddable":true,"href":"https:\/\/formalprision.com\/index.php?rest_route=%2Fwp%2Fv2%2Ftags&post=7466"}],"curies":[{"name":"wp","href":"https:\/\/api.w.org\/{rel}","templated":true}]}}