{"id":7472,"date":"2011-12-28T19:11:00","date_gmt":"2011-12-28T19:11:00","guid":{"rendered":"http:\/\/formalprision.info\/2011\/12\/28\/viola-un-nino-y-le-pega-la-mama-de\/"},"modified":"2015-06-03T08:54:11","modified_gmt":"2015-06-03T08:54:11","slug":"viola-un-nino-y-le-pega-la-mama-de","status":"publish","type":"post","link":"https:\/\/formalprision.com\/?p=7472","title":{"rendered":"Viola a un ni\u00f1o y le pega a la mam\u00e1 del menor para que no lo denuncien"},"content":{"rendered":"<p><a href=\"http:\/\/1.bp.blogspot.com\/-DnTB9pmMUpc\/Tvtr631IihI\/AAAAAAAAFXM\/VGosWyO64fI\/s1600\/aaayaboproiblema.JPG\"><img decoding=\"async\" id=\"BLOGGER_PHOTO_ID_5691261213276146194\" style=\"FLOAT: left; MARGIN: 0px 10px 10px 0px; WIDTH: 213px; CURSOR: hand; HEIGHT: 320px\" alt=\"\" src=\"http:\/\/formalprision.com\/wp-content\/uploads\/2011\/12\/aaayaboproiblema.jpg\" border=\"0\" \/><\/a><\/p>\n<div>Elementos de la Polic\u00eda Ministerial Investigadora, detuvieron a JULIO C\u00c9SAR VEL\u00c1ZQUEZ DUR\u00c1N, de 32 a\u00f1os de edad y vecino de la colonia San Jos\u00e9 Vergell, denunciado por el delito de abuso sexual.<br \/>La denuncia fue presentada por la madre del menor el 14 de enero de 2009 y ella dijo que los hechos tuvieron lugar dos a\u00f1os atr\u00e1s, cuando el ni\u00f1o ten\u00eda cinco a\u00f1os de edad y ella viv\u00eda en uni\u00f3n libre con el ahora inculpado en un predio del fraccionamiento Pol\u00edgono 108.<br \/>El expediente se\u00f1ala que en noviembre de 2008, ella se enter\u00f3 de que su hijo hab\u00eda sido v\u00edctima de acciones lascivas por parte de Vel\u00e1zquez Dur\u00e1n, reclam\u00e1ndole su actitud y recibiendo a cambio una golpiza y amenazas para que no fuera a acusarlo ante las autoridades, ya que la amenaz\u00f3 de que \u201cle ir\u00eda peor\u201d.<br \/>Ya ante el Ministerio P\u00fablico, las trabajadoras sociales hablaron con la peque\u00f1a v\u00edctima y sali\u00f3 a relucir que hac\u00eda mucho tiempo estaba siendo abusado, y para evitar que hablara, el sujeto lo llevaba de paseo y a comer a distintas franquicias, convenci\u00e9ndolo de que \u201cera bueno\u201d, seg\u00fan palabras del menor, lo cual qued\u00f3 asentado en el acta correspondiente.<br \/>Ya corridas las indagatorias del caso, el Juez Primero emiti\u00f3 la orden de aprehensi\u00f3n 1969\/11 que ahora se dio por cumplida cuando el sujeto fue localizado a puertas del centro comercial Gran Plaza, de donde se le traslad\u00f3 al \u00e1rea de seguridad de esta Fiscal\u00eda General del Estado para el proceso legal correspondiente.<\/div>\n","protected":false},"excerpt":{"rendered":"<p>Elementos de la Polic\u00eda Ministerial Investigadora, detuvieron a JULIO C\u00c9SAR VEL\u00c1ZQUEZ DUR\u00c1N, de 32 a\u00f1os de edad y vecino de la colonia San Jos\u00e9 Vergell, denunciado por el delito de<\/p>\n","protected":false},"author":1,"featured_media":25027,"comment_status":"open","ping_status":"open","sticky":false,"template":"","format":"standard","meta":{"jetpack_post_was_ever_published":false,"_jetpack_newsletter_access":"","_jetpack_dont_email_post_to_subs":false,"_jetpack_newsletter_tier_id":0,"_jetpack_memberships_contains_paywalled_content":false,"_jetpack_memberships_contains_paid_content":false,"footnotes":"","jetpack_publicize_message":"","jetpack_publicize_feature_enabled":true,"jetpack_social_post_already_shared":false,"jetpack_social_options":{"image_generator_settings":{"template":"highway","default_image_id":0,"font":"","enabled":false},"version":2}},"categories":[3,1,53],"tags":[],"class_list":["post-7472","post","type-post","status-publish","format-standard","has-post-thumbnail","hentry","category-portada","category-sin-categoria","category-yo-no-fui"],"jetpack_publicize_connections":[],"jetpack_featured_media_url":"https:\/\/formalprision.com\/wp-content\/uploads\/2011\/12\/aaayaboproiblema.jpg","jetpack_sharing_enabled":true,"jetpack_shortlink":"https:\/\/wp.me\/p6id8p-1Ww","_links":{"self":[{"href":"https:\/\/formalprision.com\/index.php?rest_route=\/wp\/v2\/posts\/7472","targetHints":{"allow":["GET"]}}],"collection":[{"href":"https:\/\/formalprision.com\/index.php?rest_route=\/wp\/v2\/posts"}],"about":[{"href":"https:\/\/formalprision.com\/index.php?rest_route=\/wp\/v2\/types\/post"}],"author":[{"embeddable":true,"href":"https:\/\/formalprision.com\/index.php?rest_route=\/wp\/v2\/users\/1"}],"replies":[{"embeddable":true,"href":"https:\/\/formalprision.com\/index.php?rest_route=%2Fwp%2Fv2%2Fcomments&post=7472"}],"version-history":[{"count":0,"href":"https:\/\/formalprision.com\/index.php?rest_route=\/wp\/v2\/posts\/7472\/revisions"}],"wp:featuredmedia":[{"embeddable":true,"href":"https:\/\/formalprision.com\/index.php?rest_route=\/wp\/v2\/media\/25027"}],"wp:attachment":[{"href":"https:\/\/formalprision.com\/index.php?rest_route=%2Fwp%2Fv2%2Fmedia&parent=7472"}],"wp:term":[{"taxonomy":"category","embeddable":true,"href":"https:\/\/formalprision.com\/index.php?rest_route=%2Fwp%2Fv2%2Fcategories&post=7472"},{"taxonomy":"post_tag","embeddable":true,"href":"https:\/\/formalprision.com\/index.php?rest_route=%2Fwp%2Fv2%2Ftags&post=7472"}],"curies":[{"name":"wp","href":"https:\/\/api.w.org\/{rel}","templated":true}]}}