{"id":7473,"date":"2011-12-28T03:37:00","date_gmt":"2011-12-28T03:37:00","guid":{"rendered":"http:\/\/formalprision.info\/2011\/12\/28\/investiga-gobierno-federal-anonymous\/"},"modified":"2015-06-03T08:54:11","modified_gmt":"2015-06-03T08:54:11","slug":"investiga-gobierno-federal-anonymous","status":"publish","type":"post","link":"https:\/\/formalprision.com\/?p=7473","title":{"rendered":"Investiga gobierno federal a Anonymous por hackeo de la cuenta de Twitter de Ivonne Ortega"},"content":{"rendered":"<p><a href=\"http:\/\/2.bp.blogspot.com\/-SjFafJ7QiWI\/TvolFTBgzXI\/AAAAAAAAFWo\/N16_DATFxZs\/s1600\/aaaalapolifederal.jpg\"><img decoding=\"async\" id=\"BLOGGER_PHOTO_ID_5690901852072234354\" style=\"FLOAT: left; MARGIN: 0px 10px 10px 0px; WIDTH: 320px; CURSOR: hand; HEIGHT: 234px\" alt=\"\" src=\"http:\/\/formalprision.com\/wp-content\/uploads\/2011\/12\/aaaalapolifederal.jpg\" border=\"0\" \/><\/a><\/p>\n<p><\/p>\n<div>A la par de las investigaciones que realiza la Fiscal\u00eda local por el hackeo de la cuenta de Twitter de la gobernadora Ivonne Ortega Pacheco el mes pasado, la Polic\u00eda Federal tambi\u00e9n ha abierto una investigaci\u00f3n contra Anonymous, red de hackers a la que se atribuye la intervenci\u00f3n de la cuenta de la mandataria.<\/div>\n<div>La Secretar\u00eda de Seguridad P\u00fablica (SSP) del gobierno federal, a trav\u00e9s de la Polic\u00eda Cibern\u00e9tica, investiga y da seguimiento a todas las intervenciones de este grupo delictivo, el cual atac\u00f3 los sitios electr\u00f3nicos de por los menos 33 dependencias y partidos pol\u00edticos en las \u00faltimas fechas.<\/div>\n<p><\/p>\n<div>Entre estos ataques figura el de la gobernadora Ivonne Ortega Pacheco, cuya cuenta en Twitter fue alterada, lo que la oblig\u00f3 a pedir la suspensi\u00f3n del servicio durante un par de semanas.<\/div>\n<p><\/p>\n<div>La Procuradur\u00eda General de la Rep\u00fablica (PGR) aclar\u00f3 en la capital del pa\u00eds a diversos medios que hasta el momento no investiga a este grupo de hackers debido a que no ha recibido ninguna denuncia de partidos pol\u00edticos, dependencias gubernamentales o de civiles atacados por el colectivo.<br \/>Sin embargo, puntualiz\u00f3 que la Polic\u00eda Federal es la que sigue los rastros de cada una de las intervenciones de Anonymous en el pa\u00eds.<br \/>Al respecto, fuentes de la SSP confirmaron que desde principio de mes, la Polic\u00eda Cibern\u00e9tica realiza \u201cpatrullajes antihacker\u201d por el ciberespacio, los cuales \u201csirven para rastrear a cualquier tipo de delincuente, a ped\u00f3filos, hackers, a defraudadores y cualquier intromisi\u00f3n en la red para actividades delictivas\u201d.<br \/>La PGR confirm\u00f3 tambi\u00e9n que una vez que la Polic\u00eda Cibern\u00e9tica de la SSP le entregue elementos sobre la autor\u00eda de estos \u201chackeos\u201d, abrir\u00e1 una investigaci\u00f3n para castigar a los responsables. <\/div>\n","protected":false},"excerpt":{"rendered":"<p>A la par de las investigaciones que realiza la Fiscal\u00eda local por el hackeo de la cuenta de Twitter de la gobernadora Ivonne Ortega Pacheco el mes pasado, la Polic\u00eda<\/p>\n","protected":false},"author":1,"featured_media":25029,"comment_status":"open","ping_status":"open","sticky":false,"template":"","format":"standard","meta":{"jetpack_post_was_ever_published":false,"_jetpack_newsletter_access":"","_jetpack_dont_email_post_to_subs":false,"_jetpack_newsletter_tier_id":0,"_jetpack_memberships_contains_paywalled_content":false,"_jetpack_memberships_contains_paid_content":false,"footnotes":"","jetpack_publicize_message":"","jetpack_publicize_feature_enabled":true,"jetpack_social_post_already_shared":false,"jetpack_social_options":{"image_generator_settings":{"template":"highway","default_image_id":0,"font":"","enabled":false},"version":2}},"categories":[3,1,49,53],"tags":[],"class_list":["post-7473","post","type-post","status-publish","format-standard","has-post-thumbnail","hentry","category-portada","category-sin-categoria","category-tocho-morocho","category-yo-no-fui"],"jetpack_publicize_connections":[],"jetpack_featured_media_url":"https:\/\/formalprision.com\/wp-content\/uploads\/2011\/12\/aaaalapolifederal.jpg","jetpack_sharing_enabled":true,"jetpack_shortlink":"https:\/\/wp.me\/p6id8p-1Wx","_links":{"self":[{"href":"https:\/\/formalprision.com\/index.php?rest_route=\/wp\/v2\/posts\/7473","targetHints":{"allow":["GET"]}}],"collection":[{"href":"https:\/\/formalprision.com\/index.php?rest_route=\/wp\/v2\/posts"}],"about":[{"href":"https:\/\/formalprision.com\/index.php?rest_route=\/wp\/v2\/types\/post"}],"author":[{"embeddable":true,"href":"https:\/\/formalprision.com\/index.php?rest_route=\/wp\/v2\/users\/1"}],"replies":[{"embeddable":true,"href":"https:\/\/formalprision.com\/index.php?rest_route=%2Fwp%2Fv2%2Fcomments&post=7473"}],"version-history":[{"count":0,"href":"https:\/\/formalprision.com\/index.php?rest_route=\/wp\/v2\/posts\/7473\/revisions"}],"wp:featuredmedia":[{"embeddable":true,"href":"https:\/\/formalprision.com\/index.php?rest_route=\/wp\/v2\/media\/25029"}],"wp:attachment":[{"href":"https:\/\/formalprision.com\/index.php?rest_route=%2Fwp%2Fv2%2Fmedia&parent=7473"}],"wp:term":[{"taxonomy":"category","embeddable":true,"href":"https:\/\/formalprision.com\/index.php?rest_route=%2Fwp%2Fv2%2Fcategories&post=7473"},{"taxonomy":"post_tag","embeddable":true,"href":"https:\/\/formalprision.com\/index.php?rest_route=%2Fwp%2Fv2%2Ftags&post=7473"}],"curies":[{"name":"wp","href":"https:\/\/api.w.org\/{rel}","templated":true}]}}