{"id":7474,"date":"2011-12-28T02:11:00","date_gmt":"2011-12-28T02:11:00","guid":{"rendered":"http:\/\/formalprision.info\/2011\/12\/28\/soldados-yucatecos-viajan-veracruz-para\/"},"modified":"2015-06-03T08:54:12","modified_gmt":"2015-06-03T08:54:12","slug":"soldados-yucatecos-viajan-veracruz-para","status":"publish","type":"post","link":"https:\/\/formalprision.com\/?p=7474","title":{"rendered":"Soldados yucatecos viajan a Veracruz para enfrentar al narco"},"content":{"rendered":"<p><a href=\"http:\/\/1.bp.blogspot.com\/-wO1T3Avu6fM\/TvoiLVHfGZI\/AAAAAAAAFWc\/VszQDTyrsd8\/s1600\/aaa5convoyejermex.jpg\"><img decoding=\"async\" id=\"BLOGGER_PHOTO_ID_5690898657178491282\" style=\"FLOAT: left; MARGIN: 0px 10px 10px 0px; WIDTH: 320px; CURSOR: hand; HEIGHT: 198px\" alt=\"\" src=\"http:\/\/formalprision.com\/wp-content\/uploads\/2011\/12\/aaa5convoyejermex.jpg\" border=\"0\" \/><\/a><\/p>\n<div>Este lunes, 400 soldados yucatecos de las Fuerzas Especiales del Ej\u00e9rcito Mexicano partieron a Veracruz para reforzar el combate al crimen organizado.<\/div>\n<p><\/p>\n<div>Los militares partieron en convoy, pues viajaron con todo y sus veh\u00edculos militares.<\/div>\n<p><\/p>\n<div>Se inform\u00f3 que, los militares participar\u00e1n en la operaci\u00f3n \u00abVeracruz Seguro\u00bb, ante el incremento del crimen organizado y narcotr\u00e1fico en esa entidad.<\/div>\n<p><\/p>\n<div>Los militares que partieron pertenecen a la X Regi\u00f3n Militar, incluyendo soldados de la 21 Zona Militar, con sede en Valladolid.<\/div>\n<p><\/p>\n<div>Seg\u00fan el portal Sipse.com, partieron en un convoy de 50 veh\u00edculos y en el camino se les unir\u00edan militares de Quintana Roo y Campeche.<\/div>\n<p><\/p>\n<div>Personal de la X Regi\u00f3n Militar indic\u00f3 a Sipse.com que esta fue la cuarta ocasi\u00f3n que soldados de bases yucatecas viajan al norte a combatir el narcotr\u00e1fico y hasta la fecha no se han registrado bajas entre los elementos que participan en esas tareas de apoyo a la Polic\u00eda Federal.<\/div>\n<p><\/p>\n<div><\/div>\n","protected":false},"excerpt":{"rendered":"<p>Este lunes, 400 soldados yucatecos de las Fuerzas Especiales del Ej\u00e9rcito Mexicano partieron a Veracruz para reforzar el combate al crimen organizado. Los militares partieron en convoy, pues viajaron con<\/p>\n","protected":false},"author":1,"featured_media":25031,"comment_status":"open","ping_status":"open","sticky":false,"template":"","format":"standard","meta":{"jetpack_post_was_ever_published":false,"_jetpack_newsletter_access":"","_jetpack_dont_email_post_to_subs":false,"_jetpack_newsletter_tier_id":0,"_jetpack_memberships_contains_paywalled_content":false,"_jetpack_memberships_contains_paid_content":false,"footnotes":"","jetpack_publicize_message":"","jetpack_publicize_feature_enabled":true,"jetpack_social_post_already_shared":false,"jetpack_social_options":{"image_generator_settings":{"template":"highway","default_image_id":0,"font":"","enabled":false},"version":2}},"categories":[50,3,1,49],"tags":[],"class_list":["post-7474","post","type-post","status-publish","format-standard","has-post-thumbnail","hentry","category-machines","category-portada","category-sin-categoria","category-tocho-morocho"],"jetpack_publicize_connections":[],"jetpack_featured_media_url":"https:\/\/formalprision.com\/wp-content\/uploads\/2011\/12\/aaa5convoyejermex.jpg","jetpack_sharing_enabled":true,"jetpack_shortlink":"https:\/\/wp.me\/p6id8p-1Wy","_links":{"self":[{"href":"https:\/\/formalprision.com\/index.php?rest_route=\/wp\/v2\/posts\/7474","targetHints":{"allow":["GET"]}}],"collection":[{"href":"https:\/\/formalprision.com\/index.php?rest_route=\/wp\/v2\/posts"}],"about":[{"href":"https:\/\/formalprision.com\/index.php?rest_route=\/wp\/v2\/types\/post"}],"author":[{"embeddable":true,"href":"https:\/\/formalprision.com\/index.php?rest_route=\/wp\/v2\/users\/1"}],"replies":[{"embeddable":true,"href":"https:\/\/formalprision.com\/index.php?rest_route=%2Fwp%2Fv2%2Fcomments&post=7474"}],"version-history":[{"count":0,"href":"https:\/\/formalprision.com\/index.php?rest_route=\/wp\/v2\/posts\/7474\/revisions"}],"wp:featuredmedia":[{"embeddable":true,"href":"https:\/\/formalprision.com\/index.php?rest_route=\/wp\/v2\/media\/25031"}],"wp:attachment":[{"href":"https:\/\/formalprision.com\/index.php?rest_route=%2Fwp%2Fv2%2Fmedia&parent=7474"}],"wp:term":[{"taxonomy":"category","embeddable":true,"href":"https:\/\/formalprision.com\/index.php?rest_route=%2Fwp%2Fv2%2Fcategories&post=7474"},{"taxonomy":"post_tag","embeddable":true,"href":"https:\/\/formalprision.com\/index.php?rest_route=%2Fwp%2Fv2%2Ftags&post=7474"}],"curies":[{"name":"wp","href":"https:\/\/api.w.org\/{rel}","templated":true}]}}