{"id":7477,"date":"2011-12-27T19:57:00","date_gmt":"2011-12-27T19:57:00","guid":{"rendered":"http:\/\/formalprision.info\/2011\/12\/27\/contadora-manosa-detenida-por-quedarse\/"},"modified":"2015-06-03T08:54:12","modified_gmt":"2015-06-03T08:54:12","slug":"contadora-manosa-detenida-por-quedarse","status":"publish","type":"post","link":"https:\/\/formalprision.com\/?p=7477","title":{"rendered":"Contadora ma\u00f1osa detenida por quedarse con m\u00e1s de $400,000 de impuestos del restaurante Drive In"},"content":{"rendered":"<p><a href=\"http:\/\/2.bp.blogspot.com\/-f1j-lQCJnxw\/TvoaTV-EslI\/AAAAAAAAFWQ\/XziOizFiIGY\/s1600\/aaalacarevaca.JPG\"><img decoding=\"async\" id=\"BLOGGER_PHOTO_ID_5690889998753378898\" style=\"FLOAT: left; MARGIN: 0px 10px 10px 0px; WIDTH: 320px; CURSOR: hand; HEIGHT: 240px\" alt=\"\" src=\"http:\/\/formalprision.com\/wp-content\/uploads\/2011\/12\/aaalacarevaca.jpg\" border=\"0\" \/><\/a><\/p>\n<p><\/p>\n<div>\n<div>\n<div>Agentes de la Polic\u00eda Ministerial Investigadora detuvieron a GLADYS ELENA DIAZ AGUILAR, como probable responsable del delito de robo calificado, denunciado por Jorge Carlos Ferr\u00e1ez Bolio y Mar\u00eda de Jes\u00fas Cos L\u00f3pez.<br \/>La averiguaci\u00f3n previa inici\u00f3 en octubre de 2009, por una denuncia recibida por parte de la indiciada, en la que se\u00f1alaba a una de sus empleadas como responsable del cobro indebido de aproximadamente 400 mil pesos, que debieron se depositados a nombre de \u201cTesorer\u00eda de la Federaci\u00f3n\u201d y de manera contraria, las p\u00f3lizas de cheques se encontraban a nombre de la aprehendida.<br \/>Durante las investigaciones realizadas, en marzo de 2010, D\u00edaz Aguilar fue acusada en otra denuncia de recibir diversas cantidades de dinero para el pago de impuestos fiscales del negocio denominado \u201cDrive In\u201d, de los cuales no entregaba comprobante alguno.<br \/>Informes contables reflejaron que dicho dinero no fue enterado a las autoridades correspondientes, incumpliendo al pago de impuestos de dicho negocio, y un arqueo contable realizado por otro contador p\u00fablico, reflej\u00f3 que el da\u00f1o patrimonial que tuvieron los afectados fue de 478 mil 34 pesos.<br \/>El d\u00eda de hoy, agentes ministeriales, ejecutaron la orden de aprehensi\u00f3n dictada por el Juez, en contra de Gladys Elena D\u00edaz Aguilar, quien las investigaciones reflejan su probable responsabilidad del delito se\u00f1alado y ser\u00e1 trasladada al Ce.Re.So. bajo la jurisdicci\u00f3n del juez correspondiente. <\/div>\n<\/div>\n<\/div>\n","protected":false},"excerpt":{"rendered":"<p>Agentes de la Polic\u00eda Ministerial Investigadora detuvieron a GLADYS ELENA DIAZ AGUILAR, como probable responsable del delito de robo calificado, denunciado por Jorge Carlos Ferr\u00e1ez Bolio y Mar\u00eda de Jes\u00fas<\/p>\n","protected":false},"author":1,"featured_media":25036,"comment_status":"open","ping_status":"open","sticky":false,"template":"","format":"standard","meta":{"jetpack_post_was_ever_published":false,"_jetpack_newsletter_access":"","_jetpack_dont_email_post_to_subs":false,"_jetpack_newsletter_tier_id":0,"_jetpack_memberships_contains_paywalled_content":false,"_jetpack_memberships_contains_paid_content":false,"footnotes":"","jetpack_publicize_message":"","jetpack_publicize_feature_enabled":true,"jetpack_social_post_already_shared":false,"jetpack_social_options":{"image_generator_settings":{"template":"highway","default_image_id":0,"font":"","enabled":false},"version":2}},"categories":[48,3,1,54],"tags":[],"class_list":["post-7477","post","type-post","status-publish","format-standard","has-post-thumbnail","hentry","category-pecadoras","category-portada","category-sin-categoria","category-yucatan"],"jetpack_publicize_connections":[],"jetpack_featured_media_url":"https:\/\/formalprision.com\/wp-content\/uploads\/2011\/12\/aaalacarevaca.jpg","jetpack_sharing_enabled":true,"jetpack_shortlink":"https:\/\/wp.me\/p6id8p-1WB","_links":{"self":[{"href":"https:\/\/formalprision.com\/index.php?rest_route=\/wp\/v2\/posts\/7477","targetHints":{"allow":["GET"]}}],"collection":[{"href":"https:\/\/formalprision.com\/index.php?rest_route=\/wp\/v2\/posts"}],"about":[{"href":"https:\/\/formalprision.com\/index.php?rest_route=\/wp\/v2\/types\/post"}],"author":[{"embeddable":true,"href":"https:\/\/formalprision.com\/index.php?rest_route=\/wp\/v2\/users\/1"}],"replies":[{"embeddable":true,"href":"https:\/\/formalprision.com\/index.php?rest_route=%2Fwp%2Fv2%2Fcomments&post=7477"}],"version-history":[{"count":0,"href":"https:\/\/formalprision.com\/index.php?rest_route=\/wp\/v2\/posts\/7477\/revisions"}],"wp:featuredmedia":[{"embeddable":true,"href":"https:\/\/formalprision.com\/index.php?rest_route=\/wp\/v2\/media\/25036"}],"wp:attachment":[{"href":"https:\/\/formalprision.com\/index.php?rest_route=%2Fwp%2Fv2%2Fmedia&parent=7477"}],"wp:term":[{"taxonomy":"category","embeddable":true,"href":"https:\/\/formalprision.com\/index.php?rest_route=%2Fwp%2Fv2%2Fcategories&post=7477"},{"taxonomy":"post_tag","embeddable":true,"href":"https:\/\/formalprision.com\/index.php?rest_route=%2Fwp%2Fv2%2Ftags&post=7477"}],"curies":[{"name":"wp","href":"https:\/\/api.w.org\/{rel}","templated":true}]}}