{"id":7483,"date":"2011-12-26T19:36:00","date_gmt":"2011-12-26T19:36:00","guid":{"rendered":"http:\/\/formalprision.info\/2011\/12\/26\/denuncian-al-titular-de-la-sedesol-por\/"},"modified":"2015-06-03T08:54:13","modified_gmt":"2015-06-03T08:54:13","slug":"denuncian-al-titular-de-la-sedesol-por","status":"publish","type":"post","link":"https:\/\/formalprision.com\/?p=7483","title":{"rendered":"Denuncian al titular de la Sedesol por instalaci\u00f3n de un geotubo entre Chicxulub y Uaymit\u00fan."},"content":{"rendered":"<p><a href=\"http:\/\/3.bp.blogspot.com\/-fkrTqgUrYtQ\/TvjOQkv2lEI\/AAAAAAAAFVI\/xn0n9RNMx88\/s1600\/aaaamigodecrereke.jpg\"><img decoding=\"async\" id=\"BLOGGER_PHOTO_ID_5690524913320236098\" style=\"FLOAT: left; MARGIN: 0px 10px 10px 0px; WIDTH: 320px; CURSOR: hand; HEIGHT: 240px\" alt=\"\" src=\"http:\/\/formalprision.com\/wp-content\/uploads\/2011\/12\/aaaamigodecrereke.jpg\" border=\"0\" \/><\/a><\/p>\n<div>Residentes de la zona de playa entre Chicxulub y Uaymit\u00fan, ubicada a la altura de la entrada \u00abSan Miguel\u00bb, denunciaron que el delegado de la Sedesol en Yucat\u00e1n, Fernando Medina Gamboa, orden\u00f3 la colocaci\u00f3n de un nuevo geotubo en un \u00e1rea de 400 metros lineales que est\u00e1 ocasionando problemas de erosi\u00f3n a decenas de vecinos que est\u00e1n al poniente de la nueva estructura.El arquitecto Mauricio Mier y Ter\u00e1n Calero, quien encabeza a los vecinos inconformes, se\u00f1al\u00f3 que el geeotubo que se coloc\u00f3 para proteger la propiedad de Medina Gamboa, est\u00e1 afectando a decenas de predios que se han quedado sin playa.-Por poner a salvo su patrimonio, el gandalla de Fernando Medina ahora est\u00e1 afectando a otros vecinos, incluy\u00e9ndome, pues d\u00eda con d\u00eda perdemos playa afectando nuestro patrimonio- dijo.Se\u00f1al\u00f3 que lo que deber\u00eda de hacer el delegado de la Sedesol, es demoler la terraza de su casa y echarse hacia atr\u00e1s como ya lo hicimos muchos vecinos, pero \u00e9l, lejos de eso, ahora est\u00e1 colocando el geotubo afectando a todos.CERR\u00d3 EL PASO A TODOSEl arquitecto Mier y Ter\u00e1n indic\u00f3 que con la colocaci\u00f3n del geotubo, la estructura le cerr\u00f3 el paso a la orilla de la playa, porque ya no es posible caminar libremente en la zona federal a menos de que se tenga uno que mojar, pues hay que meterse al agua.El geotubo, indic\u00f3, amaneci\u00f3 roto hace unos d\u00edas y ahora lo est\u00e1n reparando para volver a cerrar el paso de la gente.-No s\u00e9 en qu\u00e9 est\u00e1 pensando Fernando Medina Gamboa, tal parece que ya est\u00e1 cegado por el poder, porqu\u00e9 no le han puesto un freno a \u00e9l y a su esposa Maril\u00fa \u00abLa Wera\u00bb Ponce Espejo para evitar que se siga erosionando la playa en perjuicio de los dem\u00e1s- declar\u00f3 el quejoso.YA HAY DENUNCIA EN PROFEPAEl entrevistado a\u00f1adi\u00f3 que ya hay una denuncia an\u00f3nima en la Profepa relacionada con \u00e9ste mismo caso,, la cual tiene el n\u00famero de expediente PFPA\/5.3\/2C.28.52\/3431\/11.Agreg\u00f3 que los 400 metros de geotubo protegen tambi\u00e9n las propiedades de las familia Zavala, Vega, Canto, Achurra y C\u00e1mara, as\u00ed como el predio Mario Rend\u00f3n, donde ayer un grupo de trabajadores de la Constructora de Ra\u00fal Pech Figueroa reparaban el geotubo que esta roto para volver a rellenarlo con arena.Uno de los trabajadores incluso lanzaron indirectas contra el arquitecto Mier y Ter\u00e1n, al decirle que as\u00ed como ya hay denuncias an\u00f3nimas contra los trabajos, tambi\u00e9n ya hay una denuncia contra quien rompi\u00f3 el geotubo que estaban reparando.Lo que pedimos es que no tape el flujo natural del agua con el geotubo y no siga perjudicando a los vecinos con la estructura. Esperamos que la Profepa act\u00fae y pronto, dijo. (Con informaci\u00f3n de Progresohoy.com)<\/div>\n","protected":false},"excerpt":{"rendered":"<p>Residentes de la zona de playa entre Chicxulub y Uaymit\u00fan, ubicada a la altura de la entrada \u00abSan Miguel\u00bb, denunciaron que el delegado de la Sedesol en Yucat\u00e1n, Fernando Medina<\/p>\n","protected":false},"author":1,"featured_media":25048,"comment_status":"open","ping_status":"open","sticky":false,"template":"","format":"standard","meta":{"jetpack_post_was_ever_published":false,"_jetpack_newsletter_access":"","_jetpack_dont_email_post_to_subs":false,"_jetpack_newsletter_tier_id":0,"_jetpack_memberships_contains_paywalled_content":false,"_jetpack_memberships_contains_paid_content":false,"footnotes":"","jetpack_publicize_message":"","jetpack_publicize_feature_enabled":true,"jetpack_social_post_already_shared":false,"jetpack_social_options":{"image_generator_settings":{"template":"highway","default_image_id":0,"font":"","enabled":false},"version":2}},"categories":[45,3,1,53],"tags":[],"class_list":["post-7483","post","type-post","status-publish","format-standard","has-post-thumbnail","hentry","category-delincuentes-vip","category-portada","category-sin-categoria","category-yo-no-fui"],"jetpack_publicize_connections":[],"jetpack_featured_media_url":"https:\/\/formalprision.com\/wp-content\/uploads\/2011\/12\/aaaamigodecrereke.jpg","jetpack_sharing_enabled":true,"jetpack_shortlink":"https:\/\/wp.me\/p6id8p-1WH","_links":{"self":[{"href":"https:\/\/formalprision.com\/index.php?rest_route=\/wp\/v2\/posts\/7483","targetHints":{"allow":["GET"]}}],"collection":[{"href":"https:\/\/formalprision.com\/index.php?rest_route=\/wp\/v2\/posts"}],"about":[{"href":"https:\/\/formalprision.com\/index.php?rest_route=\/wp\/v2\/types\/post"}],"author":[{"embeddable":true,"href":"https:\/\/formalprision.com\/index.php?rest_route=\/wp\/v2\/users\/1"}],"replies":[{"embeddable":true,"href":"https:\/\/formalprision.com\/index.php?rest_route=%2Fwp%2Fv2%2Fcomments&post=7483"}],"version-history":[{"count":0,"href":"https:\/\/formalprision.com\/index.php?rest_route=\/wp\/v2\/posts\/7483\/revisions"}],"wp:featuredmedia":[{"embeddable":true,"href":"https:\/\/formalprision.com\/index.php?rest_route=\/wp\/v2\/media\/25048"}],"wp:attachment":[{"href":"https:\/\/formalprision.com\/index.php?rest_route=%2Fwp%2Fv2%2Fmedia&parent=7483"}],"wp:term":[{"taxonomy":"category","embeddable":true,"href":"https:\/\/formalprision.com\/index.php?rest_route=%2Fwp%2Fv2%2Fcategories&post=7483"},{"taxonomy":"post_tag","embeddable":true,"href":"https:\/\/formalprision.com\/index.php?rest_route=%2Fwp%2Fv2%2Ftags&post=7483"}],"curies":[{"name":"wp","href":"https:\/\/api.w.org\/{rel}","templated":true}]}}