{"id":7485,"date":"2011-12-25T11:14:00","date_gmt":"2011-12-25T11:14:00","guid":{"rendered":"http:\/\/formalprision.info\/2011\/12\/25\/navidad-maldita-para-eladios-se\/"},"modified":"2015-06-03T08:54:14","modified_gmt":"2015-06-03T08:54:14","slug":"navidad-maldita-para-eladios-se","status":"publish","type":"post","link":"https:\/\/formalprision.com\/?p=7485","title":{"rendered":"Navidad maldita para Eladios: se incendia la sucursal oriente en la madrugada"},"content":{"rendered":"<p><a href=\"http:\/\/1.bp.blogspot.com\/-zvHRTQiVpx4\/TvcJaTkeyfI\/AAAAAAAAFUA\/5u-V11nfiPk\/s1600\/pobreeladios.jpg\"><img decoding=\"async\" id=\"BLOGGER_PHOTO_ID_5690027001740446194\" style=\"FLOAT: left; MARGIN: 0px 10px 10px 0px; WIDTH: 320px; CURSOR: hand; HEIGHT: 240px\" alt=\"\" src=\"http:\/\/formalprision.com\/wp-content\/uploads\/2011\/12\/pobreeladios.jpg\" border=\"0\" \/><\/a><\/p>\n<p><\/p>\n<div>Los festejos de la Nochebuena en M\u00e9rida terminaron en la madrugada con un mega incendio en el restaurant-bar Eladios Oriente.<\/div>\n<p><\/p>\n<div>El negocio sucumbi\u00f3 ante las llamas propiciadas al parecer por la pirot\u00e9cnia que se quema en grandes cantidades por toda la ciudad en esta \u00e9poca.<\/div>\n<p><\/p>\n<div>In\u00fatiles fueron los esfuerzos de una treintena de bomberos por sofocar las llamas, pues el fuego acab\u00f3 con las dos palapas del negocio, ubicado en el Circuito Colonias, en los l\u00edmites de las colonias L\u00e1zaro C\u00e1rdenas, Nueva Mayap\u00e1n y Avila Camacho.<\/div>\n<p><\/p>\n<div>El siniestro, registrado cerca de las 4 de la madrugada, moviliz\u00f3 a policias, param\u00e9dicos y bomberos de la Secretar\u00eda de Seguridad P\u00fablica y se convirti\u00f3 en un atractivo de decenas de familias de los alrededores que estaban festejando a esa hora.<\/div>\n<p><\/p>\n<div>Todo parece indicar que el incendio se debi\u00f3 a la chispa de alguna bombita o cohet\u00f3n, incluso algunas personas aseguraron que pudo haber sido provocado por uno de los voladores que se lanzaron de la iglesia de la colonia L\u00e1zaro C\u00e1rdenas poco despu\u00e9s de la misa de gallo.<\/div>\n<p><\/p>\n<div>En cuesti\u00f3n de minutos la palapa principal ardi\u00f3 devoradoramente y aunque llegaron al sitio r\u00e1pidamente varias unidades de bomberos, no pudieron evitar que el fuego acabara con el negocio.<\/div>\n<p><\/p>\n<div>Sin emabrgo, los tragahumos logaron poner a salvo otros negocios colindantes y las casas de los vecinos de la zona, pues las llamas alcanzaron varios metros de altura y pusieron en riesgo otras viviendas.<\/div>\n<p><\/p>\n<div>El circuito Colonias fue cerrado durante poco m\u00e1s de una hora en su cuerpo interior.<\/div>\n<p><\/p>\n<div>Al sitio llego el Cmdte, Jorge Carlos Mart\u00ednez Flores, director de los Bomberos.<\/div>\n<p><\/p>\n<div>Las p\u00e9rdidas no fueron cuantificadas, pero adem\u00e1s de la dos palapas, resultaron da\u00f1ados mobiliarios, equipos de c\u00f3mputo y de sonido. (Agencia Yucat\u00e1n Press)<\/div>\n<div><\/div>\n","protected":false},"excerpt":{"rendered":"<p>Los festejos de la Nochebuena en M\u00e9rida terminaron en la madrugada con un mega incendio en el restaurant-bar Eladios Oriente. El negocio sucumbi\u00f3 ante las llamas propiciadas al parecer por<\/p>\n","protected":false},"author":1,"featured_media":25052,"comment_status":"open","ping_status":"open","sticky":false,"template":"","format":"standard","meta":{"jetpack_post_was_ever_published":false,"_jetpack_newsletter_access":"","_jetpack_dont_email_post_to_subs":false,"_jetpack_newsletter_tier_id":0,"_jetpack_memberships_contains_paywalled_content":false,"_jetpack_memberships_contains_paid_content":false,"footnotes":"","jetpack_publicize_message":"","jetpack_publicize_feature_enabled":true,"jetpack_social_post_already_shared":false,"jetpack_social_options":{"image_generator_settings":{"template":"highway","default_image_id":0,"font":"","enabled":false},"version":2}},"categories":[56,3,1],"tags":[],"class_list":["post-7485","post","type-post","status-publish","format-standard","has-post-thumbnail","hentry","category-incendios","category-portada","category-sin-categoria"],"jetpack_publicize_connections":[],"jetpack_featured_media_url":"https:\/\/formalprision.com\/wp-content\/uploads\/2011\/12\/pobreeladios.jpg","jetpack_sharing_enabled":true,"jetpack_shortlink":"https:\/\/wp.me\/p6id8p-1WJ","_links":{"self":[{"href":"https:\/\/formalprision.com\/index.php?rest_route=\/wp\/v2\/posts\/7485","targetHints":{"allow":["GET"]}}],"collection":[{"href":"https:\/\/formalprision.com\/index.php?rest_route=\/wp\/v2\/posts"}],"about":[{"href":"https:\/\/formalprision.com\/index.php?rest_route=\/wp\/v2\/types\/post"}],"author":[{"embeddable":true,"href":"https:\/\/formalprision.com\/index.php?rest_route=\/wp\/v2\/users\/1"}],"replies":[{"embeddable":true,"href":"https:\/\/formalprision.com\/index.php?rest_route=%2Fwp%2Fv2%2Fcomments&post=7485"}],"version-history":[{"count":0,"href":"https:\/\/formalprision.com\/index.php?rest_route=\/wp\/v2\/posts\/7485\/revisions"}],"wp:featuredmedia":[{"embeddable":true,"href":"https:\/\/formalprision.com\/index.php?rest_route=\/wp\/v2\/media\/25052"}],"wp:attachment":[{"href":"https:\/\/formalprision.com\/index.php?rest_route=%2Fwp%2Fv2%2Fmedia&parent=7485"}],"wp:term":[{"taxonomy":"category","embeddable":true,"href":"https:\/\/formalprision.com\/index.php?rest_route=%2Fwp%2Fv2%2Fcategories&post=7485"},{"taxonomy":"post_tag","embeddable":true,"href":"https:\/\/formalprision.com\/index.php?rest_route=%2Fwp%2Fv2%2Ftags&post=7485"}],"curies":[{"name":"wp","href":"https:\/\/api.w.org\/{rel}","templated":true}]}}