{"id":7489,"date":"2011-12-24T00:02:00","date_gmt":"2011-12-24T00:02:00","guid":{"rendered":"http:\/\/formalprision.info\/2011\/12\/24\/rolando-zapata-se-reune-con-campesinos\/"},"modified":"2015-06-03T08:54:15","modified_gmt":"2015-06-03T08:54:15","slug":"rolando-zapata-se-reune-con-campesinos","status":"publish","type":"post","link":"https:\/\/formalprision.com\/?p=7489","title":{"rendered":"Rolando Zapata se reune con campesinos pri\u00edstas"},"content":{"rendered":"<p><a href=\"http:\/\/3.bp.blogspot.com\/-VBUC6S2xweY\/TvUXCn15KLI\/AAAAAAAAFTo\/DRrhThO4ax0\/s1600\/aaaconloscamepsionos.JPG\"><img decoding=\"async\" id=\"BLOGGER_PHOTO_ID_5689479038074693810\" style=\"FLOAT: left; MARGIN: 0px 10px 10px 0px; WIDTH: 320px; CURSOR: hand; HEIGHT: 214px\" alt=\"\" src=\"http:\/\/formalprision.com\/wp-content\/uploads\/2011\/12\/aaaconloscamepsionos.jpg\" border=\"0\" \/><\/a><\/p>\n<p><\/p>\n<div>El candidato del PRI al gobierno del Estado, Rolando Zapata Bello, se reuni\u00f3 con militantes del sector campesino a quienes convoc\u00f3 para participar en el proyecto incluyente que promueve el Revolucionario Institucional.<br \/>En representaci\u00f3n de los candidatos de unidad a las alcald\u00edas hizo uso de la palabra Ra\u00fal Quintal Carvajal, de Tecoh, mientras que por los diputados, Leandra Moguel Lizama.<br \/>El anfitri\u00f3n del evento, diputado federal Felipe Cervera Hern\u00e1ndez, presidente de la Liga de Comunidades Agrarias y Sindicatos Campesinos (CNC) de Yucat\u00e1n, dijo que los hombres y mujeres del campo requieren cada d\u00eda m\u00e1s apoyos y atenci\u00f3n de las instancias federales que tienen otras prioridades.<br \/>Al reunirse con los militantes del sector campesino, Zapata Bello, puntualiz\u00f3 que la unidad permite la solidez de esa agrupaci\u00f3n donde sus dirigentes destacan por el compromiso social con sus representados.<br \/>\u201cEsta reuni\u00f3n es para decirles qu\u00e9 pensamos y a qu\u00e9 nos comprometemos en esta etapa destinada a reuniones con nuestros cuadros, esencia del PRI en la entidad\u201d, subray\u00f3.<br \/>Luego de mencionar que labor\u00f3 en la Secretaria de Desarrollo Rural, dijo que fue ah\u00ed donde se involucr\u00f3 en las necesidades de quienes hacen producir la tierra con sudor y esfuerzo.<br \/>Reconoci\u00f3 la responsabilidad de los dirigentes cenecistas que invierten su tiempo en resolver las demandas de sus comunidades. Coment\u00f3 que el futuro de Yucat\u00e1n est\u00e1 en la actitud propositiva de las familias.<br \/>\u201cNuestro proyecto no es s\u00f3lo un tema de bienestar b\u00e1sico o de supervivencia, es algo que tiene que ver con el desarrollo, la generaci\u00f3n de empleos y el mejoramiento de la calidad de vida\u201d.<br \/>\u201cEl futuro de Yucat\u00e1n esta en las cosechas; se extiende a los corales de engorda, a los aviarios y a las naves que surcan el mar en busca de alimento.<br \/>\u201cLos compromisos s\u00f3lo se pueden construir con solidaridad y la participaci\u00f3n de todos. Seguir\u00e9 en contacto con la militancia para no perder la cercan\u00eda con las necesidades de los priistas.<br \/>Al desayuno de la CNC asisti\u00f3 Nerio Torres Ortiz, candidato a la presidencia municipal de M\u00e9rida. Tambi\u00e9n los aspirantes a diputados locales y los que encabezan las planillas de 20 municipios.<br \/>Asimismo cuadros valiosos de esa organizaci\u00f3n cenecista como los ex dirigentes Federico Granja Ricalde, Feliciano Moo y Can y Mario Mart\u00edn Coronado.<\/div>\n<p>(Comunciado del candidato)<\/p>\n","protected":false},"excerpt":{"rendered":"<p>El candidato del PRI al gobierno del Estado, Rolando Zapata Bello, se reuni\u00f3 con militantes del sector campesino a quienes convoc\u00f3 para participar en el proyecto incluyente que promueve el<\/p>\n","protected":false},"author":1,"featured_media":25060,"comment_status":"open","ping_status":"open","sticky":false,"template":"","format":"standard","meta":{"jetpack_post_was_ever_published":false,"_jetpack_newsletter_access":"","_jetpack_dont_email_post_to_subs":false,"_jetpack_newsletter_tier_id":0,"_jetpack_memberships_contains_paywalled_content":false,"_jetpack_memberships_contains_paid_content":false,"footnotes":"","jetpack_publicize_message":"","jetpack_publicize_feature_enabled":true,"jetpack_social_post_already_shared":false,"jetpack_social_options":{"image_generator_settings":{"template":"highway","default_image_id":0,"font":"","enabled":false},"version":2}},"categories":[19,3,1,49],"tags":[],"class_list":["post-7489","post","type-post","status-publish","format-standard","has-post-thumbnail","hentry","category-de-la-grilla","category-portada","category-sin-categoria","category-tocho-morocho"],"jetpack_publicize_connections":[],"jetpack_featured_media_url":"https:\/\/formalprision.com\/wp-content\/uploads\/2011\/12\/aaaconloscamepsionos.jpg","jetpack_sharing_enabled":true,"jetpack_shortlink":"https:\/\/wp.me\/p6id8p-1WN","_links":{"self":[{"href":"https:\/\/formalprision.com\/index.php?rest_route=\/wp\/v2\/posts\/7489","targetHints":{"allow":["GET"]}}],"collection":[{"href":"https:\/\/formalprision.com\/index.php?rest_route=\/wp\/v2\/posts"}],"about":[{"href":"https:\/\/formalprision.com\/index.php?rest_route=\/wp\/v2\/types\/post"}],"author":[{"embeddable":true,"href":"https:\/\/formalprision.com\/index.php?rest_route=\/wp\/v2\/users\/1"}],"replies":[{"embeddable":true,"href":"https:\/\/formalprision.com\/index.php?rest_route=%2Fwp%2Fv2%2Fcomments&post=7489"}],"version-history":[{"count":0,"href":"https:\/\/formalprision.com\/index.php?rest_route=\/wp\/v2\/posts\/7489\/revisions"}],"wp:featuredmedia":[{"embeddable":true,"href":"https:\/\/formalprision.com\/index.php?rest_route=\/wp\/v2\/media\/25060"}],"wp:attachment":[{"href":"https:\/\/formalprision.com\/index.php?rest_route=%2Fwp%2Fv2%2Fmedia&parent=7489"}],"wp:term":[{"taxonomy":"category","embeddable":true,"href":"https:\/\/formalprision.com\/index.php?rest_route=%2Fwp%2Fv2%2Fcategories&post=7489"},{"taxonomy":"post_tag","embeddable":true,"href":"https:\/\/formalprision.com\/index.php?rest_route=%2Fwp%2Fv2%2Ftags&post=7489"}],"curies":[{"name":"wp","href":"https:\/\/api.w.org\/{rel}","templated":true}]}}