{"id":7494,"date":"2011-12-22T17:53:00","date_gmt":"2011-12-22T17:53:00","guid":{"rendered":"http:\/\/formalprision.info\/2011\/12\/22\/viola-y-embaraza-su-vecina-de-14-anos\/"},"modified":"2015-06-03T08:54:15","modified_gmt":"2015-06-03T08:54:15","slug":"viola-y-embaraza-su-vecina-de-14-anos","status":"publish","type":"post","link":"https:\/\/formalprision.com\/?p=7494","title":{"rendered":"Viola y embaraza a su vecina de 14 a\u00f1os"},"content":{"rendered":"<p><a href=\"http:\/\/1.bp.blogspot.com\/-zJBC5HAa8h4\/TvLkqQBPG5I\/AAAAAAAAFRk\/Q7mQkYCoU14\/s1600\/aaaproduce.JPG\"><img decoding=\"async\" id=\"BLOGGER_PHOTO_ID_5688860693828148114\" style=\"FLOAT: left; MARGIN: 0px 10px 10px 0px; WIDTH: 320px; CURSOR: hand; HEIGHT: 214px\" alt=\"\" src=\"http:\/\/formalprision.com\/wp-content\/uploads\/2011\/12\/aaaproduce.jpg\" border=\"0\" \/><\/a><\/p>\n<p><\/p>\n<div>Agentes de la Polic\u00eda Ministerial detuvieron a SAMUEL DE JES\u00daS V\u00c1ZQUEZ TUN, de 22 a\u00f1os de edad, acusado de violar a una adolescente.<\/div>\n<div>La denuncia fue interpuesta por M.B.P.M., madre de la menor A.E.P.P.<br \/>La violaci\u00f3n fue descubierta porque la menor qued\u00f3 embarazada y dej\u00f3 de asistir a la escuela, lo que caus\u00f3 inquietud en su familia, que investig\u00f3 y descubri\u00f3 lo sucedido.<\/div>\n<div>De acuerdo con la averiguaci\u00f3n previa, la denunciante se entero del delito del cual su hija fue v\u00edctima, cuando recibi\u00f3 una nota de la escuela secundaria a la que asist\u00eda su hija, en donde le refer\u00edan de su inasistencia a clases.<br \/>Esta situaci\u00f3n alert\u00f3 a su mam\u00e1, ya que la menor supuestamente acudi\u00f3 a su escuela en el horario habitual y no retornaba aun cuando recibi\u00f3 la notificaci\u00f3n, por lo cual su esposo fue a buscarla al centro educativo, pero que antes de llegar la vio en el Centro de Salud de Acanceh.<br \/>Al indagar a la jovencita sobre su visita a este siti\u00f3, \u00e9sta le cont\u00f3 a sus padres que estaba embarazada, y que no sab\u00eda que hacer, ya que hab\u00eda sido violada.<\/div>\n<div>En el expediente se indica que los hechos tuvieron lugar el 19 de marzo del a\u00f1o pasado, cuando la menor de 14 a\u00f1os de edad se qued\u00f3 sola en su domicilio con su hermanito, ya que su mam\u00e1 fue a realizar diligencias al poblado.<\/div>\n<div>V\u00e1zquez Tun, vecino de la menor, aprovech\u00f3 la ocasi\u00f3n para violarla, al introducirse al predio y ya en el interior le \u201chizo\u201d pl\u00e1tica a la joven para corroborar que ambos se encontraban solos.<\/div>\n<div>Por medio de la violencia f\u00edsica, V\u00e1zquez Tun abus\u00f3 sexualmente de la joven.<br \/>Despu\u00e9s de cometido el delito, el sujeto se visti\u00f3 y se dio a la fuga, hechos que fueron exhibidos al Ministerio P\u00fablico quien lo consign\u00f3 ante el Juzgado Sexto, emitida la orden de aprehensi\u00f3n se procedi\u00f3 a su detenci\u00f3n en la comisar\u00eda de Ticopo, del municipio de Acanceh, para ser puesto a disposici\u00f3n de esa autoridad y remitirlo al CE.RE.SO. <\/div>\n","protected":false},"excerpt":{"rendered":"<p>Agentes de la Polic\u00eda Ministerial detuvieron a SAMUEL DE JES\u00daS V\u00c1ZQUEZ TUN, de 22 a\u00f1os de edad, acusado de violar a una adolescente. La denuncia fue interpuesta por M.B.P.M., madre<\/p>\n","protected":false},"author":1,"featured_media":25070,"comment_status":"open","ping_status":"open","sticky":false,"template":"","format":"standard","meta":{"jetpack_post_was_ever_published":false,"_jetpack_newsletter_access":"","_jetpack_dont_email_post_to_subs":false,"_jetpack_newsletter_tier_id":0,"_jetpack_memberships_contains_paywalled_content":false,"_jetpack_memberships_contains_paid_content":false,"footnotes":"","jetpack_publicize_message":"","jetpack_publicize_feature_enabled":true,"jetpack_social_post_already_shared":false,"jetpack_social_options":{"image_generator_settings":{"template":"highway","default_image_id":0,"font":"","enabled":false},"version":2}},"categories":[3,1,55],"tags":[],"class_list":["post-7494","post","type-post","status-publish","format-standard","has-post-thumbnail","hentry","category-portada","category-sin-categoria","category-violines"],"jetpack_publicize_connections":[],"jetpack_featured_media_url":"https:\/\/formalprision.com\/wp-content\/uploads\/2011\/12\/aaaproduce.jpg","jetpack_sharing_enabled":true,"jetpack_shortlink":"https:\/\/wp.me\/p6id8p-1WS","_links":{"self":[{"href":"https:\/\/formalprision.com\/index.php?rest_route=\/wp\/v2\/posts\/7494","targetHints":{"allow":["GET"]}}],"collection":[{"href":"https:\/\/formalprision.com\/index.php?rest_route=\/wp\/v2\/posts"}],"about":[{"href":"https:\/\/formalprision.com\/index.php?rest_route=\/wp\/v2\/types\/post"}],"author":[{"embeddable":true,"href":"https:\/\/formalprision.com\/index.php?rest_route=\/wp\/v2\/users\/1"}],"replies":[{"embeddable":true,"href":"https:\/\/formalprision.com\/index.php?rest_route=%2Fwp%2Fv2%2Fcomments&post=7494"}],"version-history":[{"count":0,"href":"https:\/\/formalprision.com\/index.php?rest_route=\/wp\/v2\/posts\/7494\/revisions"}],"wp:featuredmedia":[{"embeddable":true,"href":"https:\/\/formalprision.com\/index.php?rest_route=\/wp\/v2\/media\/25070"}],"wp:attachment":[{"href":"https:\/\/formalprision.com\/index.php?rest_route=%2Fwp%2Fv2%2Fmedia&parent=7494"}],"wp:term":[{"taxonomy":"category","embeddable":true,"href":"https:\/\/formalprision.com\/index.php?rest_route=%2Fwp%2Fv2%2Fcategories&post=7494"},{"taxonomy":"post_tag","embeddable":true,"href":"https:\/\/formalprision.com\/index.php?rest_route=%2Fwp%2Fv2%2Ftags&post=7494"}],"curies":[{"name":"wp","href":"https:\/\/api.w.org\/{rel}","templated":true}]}}