{"id":7496,"date":"2011-12-22T15:57:00","date_gmt":"2011-12-22T15:57:00","guid":{"rendered":"http:\/\/formalprision.info\/2011\/12\/22\/festejo-de-la-ssp-sus-agentes-por-e\/"},"modified":"2015-06-03T08:54:16","modified_gmt":"2015-06-03T08:54:16","slug":"festejo-de-la-ssp-sus-agentes-por-e","status":"publish","type":"post","link":"https:\/\/formalprision.com\/?p=7496","title":{"rendered":"Festejo de la SSP a sus agentes por el D\u00eda del Polic\u00eda; reconocimientos y patrullas nuevas"},"content":{"rendered":"<p><a href=\"http:\/\/2.bp.blogspot.com\/-IyNADIpfi2k\/TvLqfoDP0eI\/AAAAAAAAFSU\/9I45lv-muwk\/s1600\/saiden%2Bescudo.jpg\"><img decoding=\"async\" id=\"BLOGGER_PHOTO_ID_5688867108370239970\" style=\"FLOAT: left; MARGIN: 0px 10px 10px 0px; WIDTH: 320px; CURSOR: hand; HEIGHT: 228px\" alt=\"\" src=\"http:\/\/formalprision.com\/wp-content\/uploads\/2011\/12\/saiden-escudo1.jpg\" border=\"0\" \/><\/a><\/p>\n<div>La Secretar\u00eda de Seguridad P\u00fablica festejar\u00e1 hoy a sus agentes con motivo del D\u00eda del Polic\u00eda.<br \/>Se realizar\u00e1 un convivio para los uniformados y sus familiares en el Centro de Convenciones Siglo XXI.<br \/>El evento se realizar\u00e1 a partir de las 12 horas, aunque la ceremonia oficial ser\u00e1 en punto de las 2 de la tarde.<\/div>\n<div>Habr\u00e1 rifas, regalos y la actuaci\u00f3n de artistas locales.<br \/>Entre las cosas que se rifar\u00e1n est\u00e1n refrigeradores, lavadoras, televisores, licuadoras, motocicletas y hasta un carro.<br \/>El evento es organizado por el Patronato Pro-hijo del Polic\u00eda<br \/>Tambi\u00e9n se entregar\u00e1n reconocimientos a los polic\u00edas destacados por detenciones importantes<\/div>\n<p><\/p>\n<div>Se entregar\u00e1n al parecer igualmente nuevas patrullas y otros equipos pars la corporaci\u00f3n polic\u00edaca.<\/div>\n","protected":false},"excerpt":{"rendered":"<p>La Secretar\u00eda de Seguridad P\u00fablica festejar\u00e1 hoy a sus agentes con motivo del D\u00eda del Polic\u00eda.Se realizar\u00e1 un convivio para los uniformados y sus familiares en el Centro de Convenciones<\/p>\n","protected":false},"author":1,"featured_media":25074,"comment_status":"open","ping_status":"open","sticky":false,"template":"","format":"standard","meta":{"jetpack_post_was_ever_published":false,"_jetpack_newsletter_access":"","_jetpack_dont_email_post_to_subs":false,"_jetpack_newsletter_tier_id":0,"_jetpack_memberships_contains_paywalled_content":false,"_jetpack_memberships_contains_paid_content":false,"footnotes":"","jetpack_publicize_message":"","jetpack_publicize_feature_enabled":true,"jetpack_social_post_already_shared":false,"jetpack_social_options":{"image_generator_settings":{"template":"highway","default_image_id":0,"font":"","enabled":false},"version":2}},"categories":[50,3,1,49],"tags":[],"class_list":["post-7496","post","type-post","status-publish","format-standard","has-post-thumbnail","hentry","category-machines","category-portada","category-sin-categoria","category-tocho-morocho"],"jetpack_publicize_connections":[],"jetpack_featured_media_url":"https:\/\/formalprision.com\/wp-content\/uploads\/2011\/12\/saiden-escudo1.jpg","jetpack_sharing_enabled":true,"jetpack_shortlink":"https:\/\/wp.me\/p6id8p-1WU","_links":{"self":[{"href":"https:\/\/formalprision.com\/index.php?rest_route=\/wp\/v2\/posts\/7496","targetHints":{"allow":["GET"]}}],"collection":[{"href":"https:\/\/formalprision.com\/index.php?rest_route=\/wp\/v2\/posts"}],"about":[{"href":"https:\/\/formalprision.com\/index.php?rest_route=\/wp\/v2\/types\/post"}],"author":[{"embeddable":true,"href":"https:\/\/formalprision.com\/index.php?rest_route=\/wp\/v2\/users\/1"}],"replies":[{"embeddable":true,"href":"https:\/\/formalprision.com\/index.php?rest_route=%2Fwp%2Fv2%2Fcomments&post=7496"}],"version-history":[{"count":0,"href":"https:\/\/formalprision.com\/index.php?rest_route=\/wp\/v2\/posts\/7496\/revisions"}],"wp:featuredmedia":[{"embeddable":true,"href":"https:\/\/formalprision.com\/index.php?rest_route=\/wp\/v2\/media\/25074"}],"wp:attachment":[{"href":"https:\/\/formalprision.com\/index.php?rest_route=%2Fwp%2Fv2%2Fmedia&parent=7496"}],"wp:term":[{"taxonomy":"category","embeddable":true,"href":"https:\/\/formalprision.com\/index.php?rest_route=%2Fwp%2Fv2%2Fcategories&post=7496"},{"taxonomy":"post_tag","embeddable":true,"href":"https:\/\/formalprision.com\/index.php?rest_route=%2Fwp%2Fv2%2Ftags&post=7496"}],"curies":[{"name":"wp","href":"https:\/\/api.w.org\/{rel}","templated":true}]}}