{"id":7497,"date":"2011-12-22T13:17:00","date_gmt":"2011-12-22T13:17:00","guid":{"rendered":"http:\/\/formalprision.info\/2011\/12\/22\/toma-posesion-oficialmente-el-nuevo\/"},"modified":"2015-06-03T08:54:16","modified_gmt":"2015-06-03T08:54:16","slug":"toma-posesion-oficialmente-el-nuevo","status":"publish","type":"post","link":"https:\/\/formalprision.com\/?p=7497","title":{"rendered":"Toma posesi\u00f3n oficialmente el nuevo director de la Polic\u00eda Ministerial"},"content":{"rendered":"<p><a href=\"http:\/\/4.bp.blogspot.com\/-O0Au8PzdcG0\/TvLoQVyKy9I\/AAAAAAAAFR8\/0IdcN3mcIhs\/s1600\/aaatomaposesion.jpg\"><img decoding=\"async\" id=\"BLOGGER_PHOTO_ID_5688864646745476050\" style=\"FLOAT: left; MARGIN: 0px 10px 10px 0px; WIDTH: 320px; CURSOR: hand; HEIGHT: 213px\" alt=\"\" src=\"http:\/\/formalprision.com\/wp-content\/uploads\/2011\/12\/aaatomaposesion.jpg\" border=\"0\" \/><\/a><\/p>\n<div>Ayer por la ma\u00f1ana, en reuni\u00f3n con los titulares de las Comandancias de la Polic\u00eda Ministerial Investigadora, el Fiscal General del Estado, Lic. H\u00e9ctor Cabrera Rivero, present\u00f3 a Marco Antonio Calder\u00f3n Patr\u00f3n, como nuevo director de la corporaci\u00f3n, en sustituci\u00f3n del comandante Carlos Enrique Cant\u00f3n y Maga\u00f1a.<br \/>Durante la presentaci\u00f3n del funcionario, el Fiscal General del Estado invit\u00f3 a los Comandantes a seguir contribuyendo con las tareas encomendadas y a conservar la colaboraci\u00f3n, en coordinaci\u00f3n con el nuevo Director de la Polic\u00eda Ministerial, para mantener firmes los esfuerzos realizados hasta el momento en materia de seguridad.<br \/>En su intervenci\u00f3n, Calder\u00f3n Patr\u00f3n agradeci\u00f3 la confianza brindada para ocupar el cargo, y exhort\u00f3 a su equipo de trabajo a continuar la labor desempe\u00f1ada hasta el momento y redoblar los esfuerzos realizados en esta administraci\u00f3n, para mantener a Yucat\u00e1n como el Estado m\u00e1s seguro de pa\u00eds.<br \/>Tras 12 a\u00f1os de experiencia en la Instituci\u00f3n, el Lic. Calder\u00f3n Patr\u00f3n asumi\u00f3 la Direcci\u00f3n de la Polic\u00eda Ministerial, luego de desempe\u00f1arse como jefe de la agencia especializada en delitos contra la salud, en su modalidad de narcomenudeo, que en septiembre del a\u00f1o pasado, inici\u00f3 funciones en la Fiscal\u00eda General del Estado<\/div>\n","protected":false},"excerpt":{"rendered":"<p>Ayer por la ma\u00f1ana, en reuni\u00f3n con los titulares de las Comandancias de la Polic\u00eda Ministerial Investigadora, el Fiscal General del Estado, Lic. H\u00e9ctor Cabrera Rivero, present\u00f3 a Marco Antonio<\/p>\n","protected":false},"author":1,"featured_media":25076,"comment_status":"open","ping_status":"open","sticky":false,"template":"","format":"standard","meta":{"jetpack_post_was_ever_published":false,"_jetpack_newsletter_access":"","_jetpack_dont_email_post_to_subs":false,"_jetpack_newsletter_tier_id":0,"_jetpack_memberships_contains_paywalled_content":false,"_jetpack_memberships_contains_paid_content":false,"footnotes":"","jetpack_publicize_message":"","jetpack_publicize_feature_enabled":true,"jetpack_social_post_already_shared":false,"jetpack_social_options":{"image_generator_settings":{"template":"highway","default_image_id":0,"font":"","enabled":false},"version":2}},"categories":[3,1,49],"tags":[],"class_list":["post-7497","post","type-post","status-publish","format-standard","has-post-thumbnail","hentry","category-portada","category-sin-categoria","category-tocho-morocho"],"jetpack_publicize_connections":[],"jetpack_featured_media_url":"https:\/\/formalprision.com\/wp-content\/uploads\/2011\/12\/aaatomaposesion.jpg","jetpack_sharing_enabled":true,"jetpack_shortlink":"https:\/\/wp.me\/p6id8p-1WV","_links":{"self":[{"href":"https:\/\/formalprision.com\/index.php?rest_route=\/wp\/v2\/posts\/7497","targetHints":{"allow":["GET"]}}],"collection":[{"href":"https:\/\/formalprision.com\/index.php?rest_route=\/wp\/v2\/posts"}],"about":[{"href":"https:\/\/formalprision.com\/index.php?rest_route=\/wp\/v2\/types\/post"}],"author":[{"embeddable":true,"href":"https:\/\/formalprision.com\/index.php?rest_route=\/wp\/v2\/users\/1"}],"replies":[{"embeddable":true,"href":"https:\/\/formalprision.com\/index.php?rest_route=%2Fwp%2Fv2%2Fcomments&post=7497"}],"version-history":[{"count":0,"href":"https:\/\/formalprision.com\/index.php?rest_route=\/wp\/v2\/posts\/7497\/revisions"}],"wp:featuredmedia":[{"embeddable":true,"href":"https:\/\/formalprision.com\/index.php?rest_route=\/wp\/v2\/media\/25076"}],"wp:attachment":[{"href":"https:\/\/formalprision.com\/index.php?rest_route=%2Fwp%2Fv2%2Fmedia&parent=7497"}],"wp:term":[{"taxonomy":"category","embeddable":true,"href":"https:\/\/formalprision.com\/index.php?rest_route=%2Fwp%2Fv2%2Fcategories&post=7497"},{"taxonomy":"post_tag","embeddable":true,"href":"https:\/\/formalprision.com\/index.php?rest_route=%2Fwp%2Fv2%2Ftags&post=7497"}],"curies":[{"name":"wp","href":"https:\/\/api.w.org\/{rel}","templated":true}]}}