{"id":7501,"date":"2011-12-21T19:36:00","date_gmt":"2011-12-21T19:36:00","guid":{"rendered":"http:\/\/formalprision.info\/2011\/12\/21\/adolescente-de-13-anos-se-suicida\/"},"modified":"2015-06-03T08:54:17","modified_gmt":"2015-06-03T08:54:17","slug":"adolescente-de-13-anos-se-suicida","status":"publish","type":"post","link":"https:\/\/formalprision.com\/?p=7501","title":{"rendered":"Adolescente de 13 a\u00f1os se suicida ahorcado en una mata de naranja"},"content":{"rendered":"<p><a href=\"http:\/\/4.bp.blogspot.com\/-NmkqFNh2orA\/TvGXfo9mApI\/AAAAAAAAFRY\/uP8t0QaJN8Y\/s1600\/aaajovencito.jpg\"><img decoding=\"async\" id=\"BLOGGER_PHOTO_ID_5688494374173147794\" style=\"FLOAT: left; MARGIN: 0px 10px 10px 0px; WIDTH: 320px; CURSOR: hand; HEIGHT: 240px\" alt=\"\" src=\"http:\/\/formalprision.com\/wp-content\/uploads\/2011\/12\/aaajovencito.jpg\" border=\"0\" \/><\/a><\/p>\n<div>Un jovencito de apenas 13 a\u00f1os de edad decidi\u00f3 salir de sus problemas por la puerta falsa y se ahorc\u00f3 con una soga atada a una mata l de naranja.<\/div>\n<p><\/p>\n<div>Los hechos ocurrieron en el domicilio de su abuelo, en Progreso.<\/div>\n<p><\/p>\n<div>El fallecimiento se registr\u00f3 a las 10 de la ma\u00f1ana y conmocion\u00f3 a todo el rumbo, debido a que el menor era conocido en la zona.<\/div>\n<p><\/p>\n<div>De acuerdo con la Polic\u00eda Municipal de Progreso, el ni\u00f1os se quit\u00f3 la vida ahorc\u00e1ndose en el predio marcado con el numero 210, de la calle 108 x 39 y 41 de la colonia Feliciano Canul Reyes.<\/div>\n<p><\/p>\n<div>El menor L.J.H.C se colg\u00f3 con una soga que amarr\u00f3 a un \u00e1rbol de naranja agria.<\/div>\n<p><\/p>\n<div>Su abuelo, Graciliano Herrera Pacheco, de 67 a\u00f1os de edad, tuvo la triste misi\u00f3n de descolgar al ni\u00f1o, dando parte a las autoridades policiacas.<\/div>\n<p><\/p>\n<div>Se desconoce los motivos que orillaron al menor a tomar la fatal decisi\u00f3n<\/div>\n","protected":false},"excerpt":{"rendered":"<p>Un jovencito de apenas 13 a\u00f1os de edad decidi\u00f3 salir de sus problemas por la puerta falsa y se ahorc\u00f3 con una soga atada a una mata l de naranja.<\/p>\n","protected":false},"author":1,"featured_media":25083,"comment_status":"open","ping_status":"open","sticky":false,"template":"","format":"standard","meta":{"jetpack_post_was_ever_published":false,"_jetpack_newsletter_access":"","_jetpack_dont_email_post_to_subs":false,"_jetpack_newsletter_tier_id":0,"_jetpack_memberships_contains_paywalled_content":false,"_jetpack_memberships_contains_paid_content":false,"footnotes":"","jetpack_publicize_message":"","jetpack_publicize_feature_enabled":true,"jetpack_social_post_already_shared":false,"jetpack_social_options":{"image_generator_settings":{"template":"highway","default_image_id":0,"font":"","enabled":false},"version":2}},"categories":[44,3,1],"tags":[],"class_list":["post-7501","post","type-post","status-publish","format-standard","has-post-thumbnail","hentry","category-morgue","category-portada","category-sin-categoria"],"jetpack_publicize_connections":[],"jetpack_featured_media_url":"https:\/\/formalprision.com\/wp-content\/uploads\/2011\/12\/aaajovencito.jpg","jetpack_sharing_enabled":true,"jetpack_shortlink":"https:\/\/wp.me\/p6id8p-1WZ","_links":{"self":[{"href":"https:\/\/formalprision.com\/index.php?rest_route=\/wp\/v2\/posts\/7501","targetHints":{"allow":["GET"]}}],"collection":[{"href":"https:\/\/formalprision.com\/index.php?rest_route=\/wp\/v2\/posts"}],"about":[{"href":"https:\/\/formalprision.com\/index.php?rest_route=\/wp\/v2\/types\/post"}],"author":[{"embeddable":true,"href":"https:\/\/formalprision.com\/index.php?rest_route=\/wp\/v2\/users\/1"}],"replies":[{"embeddable":true,"href":"https:\/\/formalprision.com\/index.php?rest_route=%2Fwp%2Fv2%2Fcomments&post=7501"}],"version-history":[{"count":0,"href":"https:\/\/formalprision.com\/index.php?rest_route=\/wp\/v2\/posts\/7501\/revisions"}],"wp:featuredmedia":[{"embeddable":true,"href":"https:\/\/formalprision.com\/index.php?rest_route=\/wp\/v2\/media\/25083"}],"wp:attachment":[{"href":"https:\/\/formalprision.com\/index.php?rest_route=%2Fwp%2Fv2%2Fmedia&parent=7501"}],"wp:term":[{"taxonomy":"category","embeddable":true,"href":"https:\/\/formalprision.com\/index.php?rest_route=%2Fwp%2Fv2%2Fcategories&post=7501"},{"taxonomy":"post_tag","embeddable":true,"href":"https:\/\/formalprision.com\/index.php?rest_route=%2Fwp%2Fv2%2Ftags&post=7501"}],"curies":[{"name":"wp","href":"https:\/\/api.w.org\/{rel}","templated":true}]}}