{"id":7502,"date":"2011-12-21T16:39:00","date_gmt":"2011-12-21T16:39:00","guid":{"rendered":"http:\/\/formalprision.info\/2011\/12\/21\/la-joven-de-pensiones-supuestamente\/"},"modified":"2015-06-03T08:54:17","modified_gmt":"2015-06-03T08:54:17","slug":"la-joven-de-pensiones-supuestamente","status":"publish","type":"post","link":"https:\/\/formalprision.com\/?p=7502","title":{"rendered":"La joven de Pensiones supuestamente violada por sus tres amigos ahora dice que no pas\u00f3 nada"},"content":{"rendered":"<p><a href=\"http:\/\/3.bp.blogspot.com\/-KKvtcK1Xvyk\/TvGPr74k9DI\/AAAAAAAAFQ0\/KjFcyGagYmA\/s1600\/aaaaaviolinesviolines.JPG\"><img decoding=\"async\" id=\"BLOGGER_PHOTO_ID_5688485789317788722\" style=\"FLOAT: left; MARGIN: 0px 10px 10px 0px; WIDTH: 320px; CURSOR: hand; HEIGHT: 240px\" alt=\"\" src=\"http:\/\/formalprision.com\/wp-content\/uploads\/2011\/12\/aaaaaviolinesviolines1.jpg\" border=\"0\" \/><\/a><\/p>\n<div>La joven que el domingo pasado acus\u00f3 a tres de sus amigos de abusar de ella dio marcha atr\u00e1s en la acusaci\u00f3n, pues ahora asegura que las cosas no pasaron como le dijo en un principio a la polic\u00eda para que los detuvieran.<\/div>\n<p><\/p>\n<div>Ayer, P.C.C.S., de 26 a\u00f1os de edad y vecina de la colonia Pensiones, se present\u00f3 al Juzgado donde fueron turnados los detenidos y dijo que no hubo violaci\u00f3n.<\/div>\n<p><\/p>\n<div>Indic\u00f3 que llam\u00f3 a la polic\u00eda porque los sujetos no quer\u00edan llevarla a su casa y ya era muy tarde.<\/div>\n<p><\/p>\n<div>Los detenidos, como informamos, acudieron a una posada con ella y luego \u00f1a llevaron a otra fiesta particular, donde abusaron de ella.<br \/>Los detenidos fueron Jos\u00e9 Roberto Miranda Gil, Israel Reynoso Reyes y Roger Antonio Joaqu\u00edn Mena Aguayo.<\/div>\n<p><\/p>\n<div>En su acusaci\u00f3n, la joven, quien tiene una hija peque\u00f1a, dijo que su amigo Jos\u00e9 Roberto la invit\u00f3 a una posada en el fraccionamiento Francisco de Montejo y la pas\u00f3 a buscar en un Chevy en el que iban los otros sujetos.<\/div>\n<p><\/p>\n<div>Al terminar la fiesta, se trasladaron a una casa del fracc. Las Am\u00e9ricas, donde consumieron alcohol y coca\u00edna, pero la mujer perdi\u00f3 el conocimiento y los hombres aprovecharon para abusar de ella.<\/div>\n<p><\/p>\n<div>Cuando despert\u00f3 la estaban violando y al forcejear la golpearon, como pudo se visti\u00f3 y sali\u00f3 corriendo para abordar un taxi que la llev\u00f3 a pedir auxilio a la SSP. <\/div>\n<p><\/p>\n<div>Miranda Gil dijo en su declaraci\u00f3n que sostuvo relaciones de mutuo acuerdo con la joven, pues ha estado con ella en otras ocasiones, pero reiter\u00f3 que no hubo violaci\u00f3n.<\/div>\n<p><\/p>\n<div>La acusadora se retract\u00f3 y se espera que ahora los tres acusados sean liberados.<\/div>\n<p><\/p>\n<div><\/div>\n","protected":false},"excerpt":{"rendered":"<p>La joven que el domingo pasado acus\u00f3 a tres de sus amigos de abusar de ella dio marcha atr\u00e1s en la acusaci\u00f3n, pues ahora asegura que las cosas no pasaron<\/p>\n","protected":false},"author":1,"featured_media":25085,"comment_status":"open","ping_status":"open","sticky":false,"template":"","format":"standard","meta":{"jetpack_post_was_ever_published":false,"_jetpack_newsletter_access":"","_jetpack_dont_email_post_to_subs":false,"_jetpack_newsletter_tier_id":0,"_jetpack_memberships_contains_paywalled_content":false,"_jetpack_memberships_contains_paid_content":false,"footnotes":"","jetpack_publicize_message":"","jetpack_publicize_feature_enabled":true,"jetpack_social_post_already_shared":false,"jetpack_social_options":{"image_generator_settings":{"template":"highway","default_image_id":0,"font":"","enabled":false},"version":2}},"categories":[3,1,53],"tags":[],"class_list":["post-7502","post","type-post","status-publish","format-standard","has-post-thumbnail","hentry","category-portada","category-sin-categoria","category-yo-no-fui"],"jetpack_publicize_connections":[],"jetpack_featured_media_url":"https:\/\/formalprision.com\/wp-content\/uploads\/2011\/12\/aaaaaviolinesviolines1.jpg","jetpack_sharing_enabled":true,"jetpack_shortlink":"https:\/\/wp.me\/p6id8p-1X0","_links":{"self":[{"href":"https:\/\/formalprision.com\/index.php?rest_route=\/wp\/v2\/posts\/7502","targetHints":{"allow":["GET"]}}],"collection":[{"href":"https:\/\/formalprision.com\/index.php?rest_route=\/wp\/v2\/posts"}],"about":[{"href":"https:\/\/formalprision.com\/index.php?rest_route=\/wp\/v2\/types\/post"}],"author":[{"embeddable":true,"href":"https:\/\/formalprision.com\/index.php?rest_route=\/wp\/v2\/users\/1"}],"replies":[{"embeddable":true,"href":"https:\/\/formalprision.com\/index.php?rest_route=%2Fwp%2Fv2%2Fcomments&post=7502"}],"version-history":[{"count":0,"href":"https:\/\/formalprision.com\/index.php?rest_route=\/wp\/v2\/posts\/7502\/revisions"}],"wp:featuredmedia":[{"embeddable":true,"href":"https:\/\/formalprision.com\/index.php?rest_route=\/wp\/v2\/media\/25085"}],"wp:attachment":[{"href":"https:\/\/formalprision.com\/index.php?rest_route=%2Fwp%2Fv2%2Fmedia&parent=7502"}],"wp:term":[{"taxonomy":"category","embeddable":true,"href":"https:\/\/formalprision.com\/index.php?rest_route=%2Fwp%2Fv2%2Fcategories&post=7502"},{"taxonomy":"post_tag","embeddable":true,"href":"https:\/\/formalprision.com\/index.php?rest_route=%2Fwp%2Fv2%2Ftags&post=7502"}],"curies":[{"name":"wp","href":"https:\/\/api.w.org\/{rel}","templated":true}]}}