{"id":7508,"date":"2011-12-20T21:39:00","date_gmt":"2011-12-20T21:39:00","guid":{"rendered":"http:\/\/formalprision.info\/2011\/12\/20\/renuncia-director-de-la-policia\/"},"modified":"2015-06-03T08:54:21","modified_gmt":"2015-06-03T08:54:21","slug":"renuncia-director-de-la-policia","status":"publish","type":"post","link":"https:\/\/formalprision.com\/?p=7508","title":{"rendered":"Renuncia director de la Polic\u00eda Ministerial y nombran a su sustituto"},"content":{"rendered":"<p><a href=\"http:\/\/1.bp.blogspot.com\/-YgVEBUjnICM\/TvFV0VzElJI\/AAAAAAAAFQo\/i7EcY7rMvws\/s1600\/aaaaescudo%2Bde%2Bla%2Bfiscalia.jpg\"><img decoding=\"async\" id=\"BLOGGER_PHOTO_ID_5688422162038559890\" style=\"FLOAT: left; MARGIN: 0px 10px 10px 0px; WIDTH: 320px; CURSOR: hand; HEIGHT: 318px\" alt=\"\" src=\"http:\/\/formalprision.com\/wp-content\/uploads\/2011\/12\/aaaaescudo-de-la-fiscalia2.jpg\" border=\"0\" \/><\/a><\/p>\n<div>Esta tarde, el Fiscal General del Estado, Lic. H\u00e9ctor Cabrera Rivero, design\u00f3 al Lic. Marco Antonio Calder\u00f3n Patr\u00f3n, director de Polic\u00eda Ministerial Investigadora, en sustituci\u00f3n del Cmte. Carlos Cant\u00f3n Maga\u00f1a, quien present\u00f3 su renuncia al cargo.<br \/>El Lic. Calder\u00f3n Patr\u00f3n se ven\u00eda desempe\u00f1ando desde septiembre de 2010, como Jefe de la Unidad Especializada en Delitos Contra la Salud, en su modalidad de Narcomenudeo, de la propia Fiscal\u00eda General.<br \/>La salida de Cant\u00f3n Maga\u00f1a ocurre luego de que se le vio a \u00faltimas fechas en compa\u00f1\u00edia del liti-gante perredista Lic. Juan Mu\u00f1oz, a quien se atribuyen una serie de ataques medi\u00e1ticos contra la Fiscal\u00eda.<\/div>\n<div>Marco Antonio Calder\u00f3n es egresado de la Facultad de Derecho de la Universidad Aut\u00f3noma de Yucat\u00e1n, e ingres\u00f3 a la entonces Procuradur\u00eda General de Justicia del Estado en 1999 como meritorio en la agencia sexta del Ministerio P\u00fablico. <\/div>\n<p><\/p>\n<div>En el a\u00f1o 2000 obtuvo su base como auxiliar del MP en la agencia vig\u00e9sima quinta, para posteriormente obtener el nombramiento de Secretario Investigador asignado a la vig\u00e9sima agencia del Ministerio P\u00fablico<\/div>\n","protected":false},"excerpt":{"rendered":"<p>Esta tarde, el Fiscal General del Estado, Lic. H\u00e9ctor Cabrera Rivero, design\u00f3 al Lic. Marco Antonio Calder\u00f3n Patr\u00f3n, director de Polic\u00eda Ministerial Investigadora, en sustituci\u00f3n del Cmte. Carlos Cant\u00f3n Maga\u00f1a,<\/p>\n","protected":false},"author":1,"featured_media":25097,"comment_status":"open","ping_status":"open","sticky":false,"template":"","format":"standard","meta":{"jetpack_post_was_ever_published":false,"_jetpack_newsletter_access":"","_jetpack_dont_email_post_to_subs":false,"_jetpack_newsletter_tier_id":0,"_jetpack_memberships_contains_paywalled_content":false,"_jetpack_memberships_contains_paid_content":false,"footnotes":"","jetpack_publicize_message":"","jetpack_publicize_feature_enabled":true,"jetpack_social_post_already_shared":false,"jetpack_social_options":{"image_generator_settings":{"template":"highway","default_image_id":0,"font":"","enabled":false},"version":2}},"categories":[50,3,1,53],"tags":[],"class_list":["post-7508","post","type-post","status-publish","format-standard","has-post-thumbnail","hentry","category-machines","category-portada","category-sin-categoria","category-yo-no-fui"],"jetpack_publicize_connections":[],"jetpack_featured_media_url":"https:\/\/formalprision.com\/wp-content\/uploads\/2011\/12\/aaaaescudo-de-la-fiscalia2.jpg","jetpack_sharing_enabled":true,"jetpack_shortlink":"https:\/\/wp.me\/p6id8p-1X6","_links":{"self":[{"href":"https:\/\/formalprision.com\/index.php?rest_route=\/wp\/v2\/posts\/7508","targetHints":{"allow":["GET"]}}],"collection":[{"href":"https:\/\/formalprision.com\/index.php?rest_route=\/wp\/v2\/posts"}],"about":[{"href":"https:\/\/formalprision.com\/index.php?rest_route=\/wp\/v2\/types\/post"}],"author":[{"embeddable":true,"href":"https:\/\/formalprision.com\/index.php?rest_route=\/wp\/v2\/users\/1"}],"replies":[{"embeddable":true,"href":"https:\/\/formalprision.com\/index.php?rest_route=%2Fwp%2Fv2%2Fcomments&post=7508"}],"version-history":[{"count":0,"href":"https:\/\/formalprision.com\/index.php?rest_route=\/wp\/v2\/posts\/7508\/revisions"}],"wp:featuredmedia":[{"embeddable":true,"href":"https:\/\/formalprision.com\/index.php?rest_route=\/wp\/v2\/media\/25097"}],"wp:attachment":[{"href":"https:\/\/formalprision.com\/index.php?rest_route=%2Fwp%2Fv2%2Fmedia&parent=7508"}],"wp:term":[{"taxonomy":"category","embeddable":true,"href":"https:\/\/formalprision.com\/index.php?rest_route=%2Fwp%2Fv2%2Fcategories&post=7508"},{"taxonomy":"post_tag","embeddable":true,"href":"https:\/\/formalprision.com\/index.php?rest_route=%2Fwp%2Fv2%2Ftags&post=7508"}],"curies":[{"name":"wp","href":"https:\/\/api.w.org\/{rel}","templated":true}]}}