{"id":75122,"date":"2019-11-12T00:21:20","date_gmt":"2019-11-12T05:21:20","guid":{"rendered":"http:\/\/formalprision.com\/?p=75122"},"modified":"2019-11-12T00:21:25","modified_gmt":"2019-11-12T05:21:25","slug":"momento-de-decisiones-importantes-para-afrontar-retos-financieros-vila","status":"publish","type":"post","link":"https:\/\/formalprision.com\/?p=75122","title":{"rendered":"Momento de decisiones importantes para afrontar retos financieros: Vila"},"content":{"rendered":"\n<p>M\u00e9rida, Yucat\u00e1n, 11 de noviembre de 2019.- Ante el dif\u00edcil panorama financiero que atravesar\u00e1 el estado en 2020 debido a los recortes presupuestales de la Federaci\u00f3n, el gobernador Mauricio Vila Dosal convoc\u00f3 al sector empresarial a cerrar filas, realizar los ajustes necesarios y ser corresponsables en la toma de decisiones importantes para afrontar los retos futuros y lograr que Yucat\u00e1n salga adelante.<\/p>\n\n\n\n<p>Al presentar ante integrantes de la delegaci\u00f3n local de la C\u00e1mara Nacional de la Industria de la Transformaci\u00f3n (Canacintra) la situaci\u00f3n presupuestal para el a\u00f1o que viene, Vila Dosal reiter\u00f3 que se afrontar\u00e1 un complicado escenario econ\u00f3mico, por lo que insisti\u00f3 en que es el momento de tomar acuerdos para decidir lo que se tiene que hacer en favor del estado y actuar unidos para evitar que la situaci\u00f3n nacional nos afecte.<\/p>\n\n\n\n<p>Ante ello, el presidente de la Canacintra, delegaci\u00f3n Yucat\u00e1n, Alberto Abraham Xacur, refrend\u00f3 la disposici\u00f3n de este sector de trabajar de la mano con el Gobierno del Estado para hacer frente a esta complicada situaci\u00f3n.<\/p>\n\n\n\n<p>Asimismo, el empresario agradeci\u00f3 la apertura por parte de la administraci\u00f3n estatal para dar a conocer el panorama financiero y poder actuar con responsabilidad. \u201cEs la primera vez que se ha visto esto por parte del Gobierno del Estado, porque hemos visto sus esfuerzos y ahora entendemos mejor las necesidades\u201d.<\/p>\n\n\n\n<p>Al dirigir un mensaje en la sede de la Canacintra, Vila Dosal se\u00f1al\u00f3 que, no obstante, lo que se est\u00e1 presentando y que contempla reducciones presupuestales en la mayor\u00eda de las \u00e1reas, existen temas prioritarios que no dejar\u00e1n de ser atendidos, como lo son la seguridad y la atracci\u00f3n de inversiones, por lo que llam\u00f3 a trabajar en equipo y ser responsables con las decisiones a tomar.<\/p>\n\n\n\n<p>\u201cHoy lo que est\u00e1 pasando es que en Yucat\u00e1n hay menos dinero y cuando eso pasa, se dejan de hacer muchas cosas, pero hay cosas que no podemos dejar de hacer porque ponen en riesgo lo que ahora tenemos en el estado y que hay que cuidar\u201d, afirm\u00f3.<\/p>\n\n\n\n<p>Por ello, insisti\u00f3 en la importancia de mantenerse en unidad, por lo que afirm\u00f3 se seguir\u00e1 trabajando de la mano con los diferentes sectores del estado para encontrar medidas que permitan afrontar estos retos con las menores afectaciones posibles y con la mayor transparencia.<\/p>\n\n\n\n<p>En ese marco, se record\u00f3 que el Presupuesto de Egresos de la Federaci\u00f3n (PPEF) contempla de nueva cuenta recortes para Yucat\u00e1n, por lo que se estima una reducci\u00f3n de 781 millones de pesos (mdp) este a\u00f1o, que se sumar\u00e1n a los 3,860 mdp que se redujeron en 2019, sumando as\u00ed m\u00e1s de 4,641 mdp menos para Yucat\u00e1n.<\/p>\n\n\n\n<p>Adicionalmente, detallaron, se encuentra el riesgo de que no lleguen 300 millones de pesos de participaciones a causa de la desaceleraci\u00f3n econ\u00f3mica a nivel nacional.<\/p>\n\n\n\n<p>Es por ello que la titular de la Secretar\u00eda de Administraci\u00f3n y Finanzas (SAF), Olga Rosas Moya, indic\u00f3 que se est\u00e1 trabajando en la formulaci\u00f3n de medidas que permitan generar m\u00e1s ahorros y mayores ingresos para el estado.<\/p>\n\n\n\n<p>De igual manera, la funcionaria record\u00f3 que hace unos d\u00edas se anunci\u00f3 la reducci\u00f3n, por segundo a\u00f1o, de la estructura administrativa mediante la fusi\u00f3n de 7 entidades, lo que representar\u00e1 un ahorro de 100 millones de pesos anuales, es decir, que al final de la administraci\u00f3n se estar\u00edan ahorrando 500 millones de pesos.<\/p>\n\n\n\n<p>Ah\u00ed, se detall\u00f3 que dichas acciones dentro de esta reorganizaci\u00f3n administrativa p\u00fablica estatal no impactar\u00e1n los servicios que brinda el Estado a la ciudadan\u00eda, pues no se afectar\u00e1 la eficiencia. Adem\u00e1s, estos cambios se sumar\u00e1n a otras 8 que se fusionaron como parte de la reorganizaci\u00f3n que se realiz\u00f3 al inicio esta administraci\u00f3n estatal.<\/p>\n\n\n\n<p>Tras un profundo an\u00e1lisis, se identific\u00f3 a 7 entidades que, por sus afinidades, funciones y actividades, son susceptibles de fusionarse y continuar cumpliendo con su objeto dentro de la administraci\u00f3n p\u00fablica estatal, como son el Instituto de Becas y Cr\u00e9dito Educativo  del Estado (Ibecey), la Junta de Asistencia Privada de Yucat\u00e1n (Japey), la Administraci\u00f3n del Patrimonio de la Beneficencia P\u00fablica del estado (Apbpy), la Casa de las Artesan\u00edas (Caey), el Instituto de Infraestructura Carretera de Yucat\u00e1n (Incay), el Instituto para el Desarrollo y Certificaci\u00f3n de la Infraestructura F\u00edsica Educativa y El\u00e9ctrica de Yucat\u00e1n (Idefeey), el Instituto de Capacitaci\u00f3n para el Trabajo del Estado (Icatey), entre otras.<\/p>\n\n\n\n<p>El Ibecey continuar\u00e1 con su labor de otorgar becas, cr\u00e9ditos o apoyos a las personas con necesidades econ\u00f3micas para iniciar, continuar o concluir con su formaci\u00f3n acad\u00e9mica, a trav\u00e9s de la Coordinaci\u00f3n General de Becas que formar\u00e1 parte de la Secretar\u00eda de Educaci\u00f3n del estado (SEGEY), y la Japey pasar\u00e1 a formar parte de la Secretar\u00eda de Desarrollo Social (Sedesol), en donde se integrar\u00e1 a la Subsecretar\u00eda del Bienestar Social, como un \u00e1rea dentro de la Direcci\u00f3n de Promoci\u00f3n y Participaci\u00f3n Social.<\/p>\n\n\n\n<p>Igualmente, la Administraci\u00f3n del Patrimonio de la Beneficencia P\u00fablica del Estado continuar\u00e1 con su labor de asistencia, pero ahora desde la Secretar\u00eda de Salud. Sus \u00e1reas jur\u00eddica y operativa se integrar\u00e1n a la Direcci\u00f3n de Planeaci\u00f3n y Desarrollo.<\/p>\n\n\n\n<p>El fomento a la producci\u00f3n y comercializaci\u00f3n de las artesan\u00edas yucatecas se fortalecer\u00e1 al integrarse la Casa de las Artesan\u00edas al Instituto Yucateco de Emprendedores (IYEM), mediante la creaci\u00f3n de la Direcci\u00f3n de Desarrollo Artesanal y la fusi\u00f3n de las \u00e1reas transversales de ambas entidades, permitiendo liberar recursos para ampliar las oportunidades de los yucatecos artesanos y emprendedores.<\/p>\n\n\n\n<p>Como parte de esta reestructuraci\u00f3n, los Institutos de Infraestructura Carretera (Incay) y para el Desarrollo y Certificaci\u00f3n de la Infraestructura F\u00edsica Educativa y El\u00e9ctrica de Yucat\u00e1n (Idefeey) quedar\u00e1n incorporados al Instituto para la Construcci\u00f3n y Conservaci\u00f3n de la Obra P\u00fablica (Inccopy) para transformarse en las Direcciones de V\u00edas Terrestres, de Construcci\u00f3n y de Servicios Generales.<\/p>\n\n\n\n<p>Por \u00faltimo, el Icatey pasar\u00e1 a formar parte de la Secretar\u00eda de Fomento Econ\u00f3mico y Trabajo (Sefoet). En este caso en particular y por la relevancia que tiene esta entidad como enlace con la Federaci\u00f3n en la materia, la plantilla docente, y m\u00ednima necesaria, continuar\u00e1 realizando sus funciones sustantivas desde el propio Instituto.<\/p>\n\n\n\n<p>Hay que recordar que entre las fusiones hechas con anterioridad se encuentra la incorporaci\u00f3n del Instituto de Historia y Museos de Yucat\u00e1n a la Secretar\u00eda de la Cultura y las Artes (Sedeculta); la Secretar\u00eda de la Juventud pas\u00f3 a formar parte de la Sedesol y la Secretar\u00eda del Trabajo y Previsi\u00f3n Social se integr\u00f3 a la actual Sefoet.<br>\nEl Archivo Notarial se desincorpor\u00f3 del Instituto de Seguridad Jur\u00eddica Patrimonial del estado (Insejupy), agreg\u00e1ndose a la estructura de la Consejer\u00eda Jur\u00eddica; y desapareci\u00f3 la Junta de Electrificaci\u00f3n del estado, que en su momento se integr\u00f3 al Instituto para el Desarrollo y Certificaci\u00f3n de la Infraestructura F\u00edsica Educativa y El\u00e9ctrica de Yucat\u00e1n (Idefeey).<\/p>\n\n\n\n<p>El Instituto de Movilidad y Desarrollo Urbano Territorial (Imdut) adquiri\u00f3 a la Direcci\u00f3n de Transporte de la Secretar\u00eda General de Gobierno (SGG) y a la Direcci\u00f3n de Desarrollo Urbano de la de la Secretar\u00eda de Desarrollo Sustentable (SDS). Por \u00faltimo, el Instituto para la Igualdad entre Hombres y Mujeres (IPIEMH) dej\u00f3 de existir y en su lugar se cre\u00f3 la Secretar\u00eda de las Mujeres (Semujeres).<\/p>\n\n\n\n<p>En el evento tambi\u00e9n estuvieron presentes el secretario de Fomento Econ\u00f3mico y Trabajo (Sefoet), Ernesto Herrera Novelo, y el Subsecretario de Administraci\u00f3n y Recursos de la SAF, Rub\u00e9n Arjona Ortiz.<\/p>\n","protected":false},"excerpt":{"rendered":"<p>M\u00e9rida, Yucat\u00e1n, 11 de noviembre de 2019.- Ante el dif\u00edcil panorama financiero que atravesar\u00e1 el estado en 2020 debido a los recortes presupuestales de la Federaci\u00f3n, el gobernador Mauricio Vila<\/p>\n","protected":false},"author":1,"featured_media":75123,"comment_status":"open","ping_status":"open","sticky":false,"template":"","format":"standard","meta":{"jetpack_post_was_ever_published":false,"_jetpack_newsletter_access":"","_jetpack_dont_email_post_to_subs":false,"_jetpack_newsletter_tier_id":0,"_jetpack_memberships_contains_paywalled_content":false,"_jetpack_memberships_contains_paid_content":false,"footnotes":"","jetpack_publicize_message":"","jetpack_publicize_feature_enabled":true,"jetpack_social_post_already_shared":true,"jetpack_social_options":{"image_generator_settings":{"template":"highway","default_image_id":0,"font":"","enabled":false},"version":2}},"categories":[17],"tags":[],"class_list":["post-75122","post","type-post","status-publish","format-standard","has-post-thumbnail","hentry","category-politica-y-gobierno"],"jetpack_publicize_connections":[],"jetpack_featured_media_url":"https:\/\/formalprision.com\/wp-content\/uploads\/2019\/11\/IMG_5715.jpg","jetpack_sharing_enabled":true,"jetpack_shortlink":"https:\/\/wp.me\/p6id8p-jxE","_links":{"self":[{"href":"https:\/\/formalprision.com\/index.php?rest_route=\/wp\/v2\/posts\/75122","targetHints":{"allow":["GET"]}}],"collection":[{"href":"https:\/\/formalprision.com\/index.php?rest_route=\/wp\/v2\/posts"}],"about":[{"href":"https:\/\/formalprision.com\/index.php?rest_route=\/wp\/v2\/types\/post"}],"author":[{"embeddable":true,"href":"https:\/\/formalprision.com\/index.php?rest_route=\/wp\/v2\/users\/1"}],"replies":[{"embeddable":true,"href":"https:\/\/formalprision.com\/index.php?rest_route=%2Fwp%2Fv2%2Fcomments&post=75122"}],"version-history":[{"count":0,"href":"https:\/\/formalprision.com\/index.php?rest_route=\/wp\/v2\/posts\/75122\/revisions"}],"wp:featuredmedia":[{"embeddable":true,"href":"https:\/\/formalprision.com\/index.php?rest_route=\/wp\/v2\/media\/75123"}],"wp:attachment":[{"href":"https:\/\/formalprision.com\/index.php?rest_route=%2Fwp%2Fv2%2Fmedia&parent=75122"}],"wp:term":[{"taxonomy":"category","embeddable":true,"href":"https:\/\/formalprision.com\/index.php?rest_route=%2Fwp%2Fv2%2Fcategories&post=75122"},{"taxonomy":"post_tag","embeddable":true,"href":"https:\/\/formalprision.com\/index.php?rest_route=%2Fwp%2Fv2%2Ftags&post=75122"}],"curies":[{"name":"wp","href":"https:\/\/api.w.org\/{rel}","templated":true}]}}