{"id":7513,"date":"2011-12-19T22:51:00","date_gmt":"2011-12-19T22:51:00","guid":{"rendered":"http:\/\/formalprision.info\/2011\/12\/19\/clausuran-de-nuevo-el-bar-la-selva-en\/"},"modified":"2015-06-03T08:54:22","modified_gmt":"2015-06-03T08:54:22","slug":"clausuran-de-nuevo-el-bar-la-selva-en","status":"publish","type":"post","link":"https:\/\/formalprision.com\/?p=7513","title":{"rendered":"Clausuran de nuevo el Bar La Selva, en Progreso"},"content":{"rendered":"<p><a href=\"http:\/\/4.bp.blogspot.com\/-8IPyx1ykbS0\/Tu-VOm1cv_I\/AAAAAAAAFOk\/EgEDXrZgz6c\/s1600\/aaaalasalvea.jpg\"><img decoding=\"async\" id=\"BLOGGER_PHOTO_ID_5687928932567662578\" style=\"FLOAT: left; MARGIN: 0px 10px 10px 0px; WIDTH: 320px; CURSOR: hand; HEIGHT: 240px\" alt=\"\" src=\"http:\/\/formalprision.com\/wp-content\/uploads\/2011\/12\/aaaalasalvea.jpg\" border=\"0\" \/><\/a><\/p>\n<p><\/p>\n<div>De nueva cuenta, la polic\u00eda de Progreso clausur\u00f3 el bar La Ceiba, ahora porque varios parroquianos se pelearon dentro.<br \/>Adem\u00e1s de la clausura del negocio, ubicado en la calle 29 x 78 y 80 del centro de Progreos, tambi\u00e9n se detuvo a los rijosos y al encargado del lugar.<br \/>Los hechos ocurrieron a las 21:37 horas del s\u00e1bado cuando la polic\u00eda recibi\u00f3 el reporte de una trifulca en ese bar.<br \/>Al llegar los elementos policiacos se entrevistaron con el encargado, JOSE NORBERTO YAH AMAYA, quien manifest\u00f3 que momentos antes 5 sujetos hab\u00edan entrado al lugar para de inmediato liarse a golpes con otro sujeto y darse a la fuga.Los polic\u00edas corrieron tras los rijosos y detuvieron a JOSE REYES NAAL CANUL, REYNALDO EMILIO CHAN TENORIO (quien fue el agredido), MIGUEL ARCANGEL NAAL CHALE, EVANY BENJAMIN RAMOS KU.<br \/>LUIS JESUS CHE MENDOZA y ELBER RENE CRUZ HORTA.<br \/>Posteriormente se procedi\u00f3 a la clausura del negocio y a la detenci\u00f3n del encargado.<\/div>\n","protected":false},"excerpt":{"rendered":"<p>De nueva cuenta, la polic\u00eda de Progreso clausur\u00f3 el bar La Ceiba, ahora porque varios parroquianos se pelearon dentro.Adem\u00e1s de la clausura del negocio, ubicado en la calle 29 x<\/p>\n","protected":false},"author":1,"featured_media":25107,"comment_status":"open","ping_status":"open","sticky":false,"template":"","format":"standard","meta":{"jetpack_post_was_ever_published":false,"_jetpack_newsletter_access":"","_jetpack_dont_email_post_to_subs":false,"_jetpack_newsletter_tier_id":0,"_jetpack_memberships_contains_paywalled_content":false,"_jetpack_memberships_contains_paid_content":false,"footnotes":"","jetpack_publicize_message":"","jetpack_publicize_feature_enabled":true,"jetpack_social_post_already_shared":false,"jetpack_social_options":{"image_generator_settings":{"template":"highway","default_image_id":0,"font":"","enabled":false},"version":2}},"categories":[3,1,49],"tags":[],"class_list":["post-7513","post","type-post","status-publish","format-standard","has-post-thumbnail","hentry","category-portada","category-sin-categoria","category-tocho-morocho"],"jetpack_publicize_connections":[],"jetpack_featured_media_url":"https:\/\/formalprision.com\/wp-content\/uploads\/2011\/12\/aaaalasalvea.jpg","jetpack_sharing_enabled":true,"jetpack_shortlink":"https:\/\/wp.me\/p6id8p-1Xb","_links":{"self":[{"href":"https:\/\/formalprision.com\/index.php?rest_route=\/wp\/v2\/posts\/7513","targetHints":{"allow":["GET"]}}],"collection":[{"href":"https:\/\/formalprision.com\/index.php?rest_route=\/wp\/v2\/posts"}],"about":[{"href":"https:\/\/formalprision.com\/index.php?rest_route=\/wp\/v2\/types\/post"}],"author":[{"embeddable":true,"href":"https:\/\/formalprision.com\/index.php?rest_route=\/wp\/v2\/users\/1"}],"replies":[{"embeddable":true,"href":"https:\/\/formalprision.com\/index.php?rest_route=%2Fwp%2Fv2%2Fcomments&post=7513"}],"version-history":[{"count":0,"href":"https:\/\/formalprision.com\/index.php?rest_route=\/wp\/v2\/posts\/7513\/revisions"}],"wp:featuredmedia":[{"embeddable":true,"href":"https:\/\/formalprision.com\/index.php?rest_route=\/wp\/v2\/media\/25107"}],"wp:attachment":[{"href":"https:\/\/formalprision.com\/index.php?rest_route=%2Fwp%2Fv2%2Fmedia&parent=7513"}],"wp:term":[{"taxonomy":"category","embeddable":true,"href":"https:\/\/formalprision.com\/index.php?rest_route=%2Fwp%2Fv2%2Fcategories&post=7513"},{"taxonomy":"post_tag","embeddable":true,"href":"https:\/\/formalprision.com\/index.php?rest_route=%2Fwp%2Fv2%2Ftags&post=7513"}],"curies":[{"name":"wp","href":"https:\/\/api.w.org\/{rel}","templated":true}]}}