{"id":75131,"date":"2019-11-12T17:08:15","date_gmt":"2019-11-12T22:08:15","guid":{"rendered":"http:\/\/formalprision.com\/?p=75131"},"modified":"2019-11-12T19:16:32","modified_gmt":"2019-11-13T00:16:32","slug":"policia-de-merida-investiga-ya-presunta-agresion-de-uno-de-sus-oficiales","status":"publish","type":"post","link":"https:\/\/formalprision.com\/?p=75131","title":{"rendered":"Polic\u00eda de M\u00e9rida investiga ya presunta agresi\u00f3n de uno de sus oficiales"},"content":{"rendered":"\n<p>La Polic\u00eda Municipal de M\u00e9rida inform\u00f3 este martes que abri\u00f3 una investigaci\u00f3n por el caso del oficial de esa corporaci\u00f3n que presuntamente agredi\u00f3 a un automovilista, cuya acci\u00f3n fue grabado en video que ahora circula en redes sociales.<\/p>\n\n\n\n<p>El futuro del agente, identificado por sus propios compa\u00f1eros como el comandante Juan Carlos Cordero S., ser\u00e1 decidido por la Comisi\u00f3n de Honor y Justicia de la propia corporaci\u00f3n.<\/p>\n\n\n\n<p>\u00abcomprometidos con nuestra misi\u00f3n de proporcionar un servicio eficiente a los ciudadanos, la Direcci\u00f3n de la Polic\u00eda Municipal de M\u00e9rida abri\u00f3 una investigaci\u00f3n de seguimiento respecto a una denuncia que circul\u00f3 ayer en las redes sociales donde aparece un elemento discutiendo con una persona en la v\u00eda p\u00fablica\u00bb se\u00f1al\u00f3 la corporaci\u00f3n en un comunicado.<\/p>\n\n\n\n<p>Indica que, como parte del proceso administrativo, la corporaci\u00f3n municipal canaliz\u00f3 el video al Departamento de Asuntos Internos para iniciar la investigaci\u00f3n del caso, el cual ser\u00e1 presentado ante la Comisi\u00f3n de Honor y Justicia para determinar la situaci\u00f3n del polic\u00eda municipal.<\/p>\n\n\n\n<p>\u00abPese a no existir una queja formal en la corporaci\u00f3n, la Polic\u00eda Municipal inicia por procedimiento investigaciones internas para mantener sus protocolos de Atenci\u00f3n Ciudadana y Actuaci\u00f3n Policial apegadas a los reglamentos y normativas vigentes, el respeto y los derechos humanos de los ciudadanos\u00bb<\/p>\n\n\n\n<p>Finalmente, la corporaci\u00f3n determinar\u00e1 en los siguientes d\u00edas la situaci\u00f3n del elemento, de acuerdo a lo que establezcan los integrantes de la Comisi\u00f3n de Honor y Justicia y el procedimiento administrativo respectivo.<\/p>\n\n\n\n<p>Como informamos, en el video que circula en redes sociales, se observa al comandante  cuando agrede a un automovilista al que hab\u00eda Infraccionado. <\/p>\n\n\n\n<p>El agente fue dado de baja de la extinta SPV por extorsionar a otro automovilista  cuando era perito de tr\u00e1nsito, pero hall\u00f3 cabida en la polic\u00eda municipal<\/p>\n","protected":false},"excerpt":{"rendered":"<p>La Polic\u00eda Municipal de M\u00e9rida inform\u00f3 este martes que abri\u00f3 una investigaci\u00f3n por el caso del oficial de esa corporaci\u00f3n que presuntamente agredi\u00f3 a un automovilista, cuya acci\u00f3n fue grabado<\/p>\n","protected":false},"author":1,"featured_media":75132,"comment_status":"open","ping_status":"open","sticky":false,"template":"","format":"standard","meta":{"jetpack_post_was_ever_published":false,"_jetpack_newsletter_access":"","_jetpack_dont_email_post_to_subs":false,"_jetpack_newsletter_tier_id":0,"_jetpack_memberships_contains_paywalled_content":false,"_jetpack_memberships_contains_paid_content":false,"footnotes":"","jetpack_publicize_message":"","jetpack_publicize_feature_enabled":true,"jetpack_social_post_already_shared":true,"jetpack_social_options":{"image_generator_settings":{"template":"highway","default_image_id":0,"font":"","enabled":false},"version":2}},"categories":[54],"tags":[],"class_list":["post-75131","post","type-post","status-publish","format-standard","has-post-thumbnail","hentry","category-yucatan"],"jetpack_publicize_connections":[],"jetpack_featured_media_url":"https:\/\/formalprision.com\/wp-content\/uploads\/2019\/11\/IMG_5720-e1573596438254.jpg","jetpack_sharing_enabled":true,"jetpack_shortlink":"https:\/\/wp.me\/p6id8p-jxN","_links":{"self":[{"href":"https:\/\/formalprision.com\/index.php?rest_route=\/wp\/v2\/posts\/75131","targetHints":{"allow":["GET"]}}],"collection":[{"href":"https:\/\/formalprision.com\/index.php?rest_route=\/wp\/v2\/posts"}],"about":[{"href":"https:\/\/formalprision.com\/index.php?rest_route=\/wp\/v2\/types\/post"}],"author":[{"embeddable":true,"href":"https:\/\/formalprision.com\/index.php?rest_route=\/wp\/v2\/users\/1"}],"replies":[{"embeddable":true,"href":"https:\/\/formalprision.com\/index.php?rest_route=%2Fwp%2Fv2%2Fcomments&post=75131"}],"version-history":[{"count":0,"href":"https:\/\/formalprision.com\/index.php?rest_route=\/wp\/v2\/posts\/75131\/revisions"}],"wp:featuredmedia":[{"embeddable":true,"href":"https:\/\/formalprision.com\/index.php?rest_route=\/wp\/v2\/media\/75132"}],"wp:attachment":[{"href":"https:\/\/formalprision.com\/index.php?rest_route=%2Fwp%2Fv2%2Fmedia&parent=75131"}],"wp:term":[{"taxonomy":"category","embeddable":true,"href":"https:\/\/formalprision.com\/index.php?rest_route=%2Fwp%2Fv2%2Fcategories&post=75131"},{"taxonomy":"post_tag","embeddable":true,"href":"https:\/\/formalprision.com\/index.php?rest_route=%2Fwp%2Fv2%2Ftags&post=75131"}],"curies":[{"name":"wp","href":"https:\/\/api.w.org\/{rel}","templated":true}]}}