{"id":7517,"date":"2011-12-18T19:14:00","date_gmt":"2011-12-18T19:14:00","guid":{"rendered":"http:\/\/formalprision.info\/2011\/12\/18\/rolando-zapata-participa-en-la-carrera\/"},"modified":"2015-06-03T08:54:22","modified_gmt":"2015-06-03T08:54:22","slug":"rolando-zapata-participa-en-la-carrera","status":"publish","type":"post","link":"https:\/\/formalprision.com\/?p=7517","title":{"rendered":"Rolando Zapata participa en la carrera del pavo"},"content":{"rendered":"<p><a href=\"http:\/\/1.bp.blogspot.com\/-jCevqz-TzgQ\/Tu49Hw8RGRI\/AAAAAAAAFN0\/GIGI3LfGi9A\/s1600\/aaaarolando.JPG\"><img decoding=\"async\" id=\"BLOGGER_PHOTO_ID_5687550583021574418\" style=\"FLOAT: left; MARGIN: 0px 10px 10px 0px; WIDTH: 320px; CURSOR: hand; HEIGHT: 245px\" alt=\"\" src=\"http:\/\/formalprision.com\/wp-content\/uploads\/2011\/12\/aaaarolando.jpg\" border=\"0\" \/><\/a><\/p>\n<div>El precandidato del PRI a la gubernatura Rolando Zapata Bello particip\u00f3 hoy se la tradicional carrera del Pavo en M\u00e9rida.<\/div>\n<p><\/p>\n<div>La carrera tuvo lugar en calles de la ciudad y participaron unos 1,300 competidores, entre ellos Zapata Bello, qui\u00e9n corri\u00f3 en la categor\u00eda de los 10 kil\u00f3metros, con el n\u00famero 403.<br \/>Tambi\u00e9n hubo la especialidad de 21 kil\u00f3metros y otra de cinco kil\u00f3metros.<\/div>\n<p><\/p>\n<div>La carrera reuni\u00f3 a atletas de diverso estados del pa\u00eds, que de manera entusiasta y demostrando su buen entrenamiento, cubrieron la ruta que sali\u00f3 y finaliz\u00f3 en el Parque de Las Am\u00e9ricas.<\/div>\n<div>El derrotero abarc\u00f3 las principales avenidas y calles del norte de la ciudad <\/div>\n","protected":false},"excerpt":{"rendered":"<p>El precandidato del PRI a la gubernatura Rolando Zapata Bello particip\u00f3 hoy se la tradicional carrera del Pavo en M\u00e9rida. La carrera tuvo lugar en calles de la ciudad y<\/p>\n","protected":false},"author":1,"featured_media":25115,"comment_status":"open","ping_status":"open","sticky":false,"template":"","format":"standard","meta":{"jetpack_post_was_ever_published":false,"_jetpack_newsletter_access":"","_jetpack_dont_email_post_to_subs":false,"_jetpack_newsletter_tier_id":0,"_jetpack_memberships_contains_paywalled_content":false,"_jetpack_memberships_contains_paid_content":false,"footnotes":"","jetpack_publicize_message":"","jetpack_publicize_feature_enabled":true,"jetpack_social_post_already_shared":false,"jetpack_social_options":{"image_generator_settings":{"template":"highway","default_image_id":0,"font":"","enabled":false},"version":2}},"categories":[19,3,1,49],"tags":[],"class_list":["post-7517","post","type-post","status-publish","format-standard","has-post-thumbnail","hentry","category-de-la-grilla","category-portada","category-sin-categoria","category-tocho-morocho"],"jetpack_publicize_connections":[],"jetpack_featured_media_url":"https:\/\/formalprision.com\/wp-content\/uploads\/2011\/12\/aaaarolando.jpg","jetpack_sharing_enabled":true,"jetpack_shortlink":"https:\/\/wp.me\/p6id8p-1Xf","_links":{"self":[{"href":"https:\/\/formalprision.com\/index.php?rest_route=\/wp\/v2\/posts\/7517","targetHints":{"allow":["GET"]}}],"collection":[{"href":"https:\/\/formalprision.com\/index.php?rest_route=\/wp\/v2\/posts"}],"about":[{"href":"https:\/\/formalprision.com\/index.php?rest_route=\/wp\/v2\/types\/post"}],"author":[{"embeddable":true,"href":"https:\/\/formalprision.com\/index.php?rest_route=\/wp\/v2\/users\/1"}],"replies":[{"embeddable":true,"href":"https:\/\/formalprision.com\/index.php?rest_route=%2Fwp%2Fv2%2Fcomments&post=7517"}],"version-history":[{"count":0,"href":"https:\/\/formalprision.com\/index.php?rest_route=\/wp\/v2\/posts\/7517\/revisions"}],"wp:featuredmedia":[{"embeddable":true,"href":"https:\/\/formalprision.com\/index.php?rest_route=\/wp\/v2\/media\/25115"}],"wp:attachment":[{"href":"https:\/\/formalprision.com\/index.php?rest_route=%2Fwp%2Fv2%2Fmedia&parent=7517"}],"wp:term":[{"taxonomy":"category","embeddable":true,"href":"https:\/\/formalprision.com\/index.php?rest_route=%2Fwp%2Fv2%2Fcategories&post=7517"},{"taxonomy":"post_tag","embeddable":true,"href":"https:\/\/formalprision.com\/index.php?rest_route=%2Fwp%2Fv2%2Ftags&post=7517"}],"curies":[{"name":"wp","href":"https:\/\/api.w.org\/{rel}","templated":true}]}}