{"id":7521,"date":"2011-12-17T20:48:00","date_gmt":"2011-12-17T20:48:00","guid":{"rendered":"http:\/\/formalprision.info\/2011\/12\/17\/desaparece-una-nina-en-el-parque-de-las\/"},"modified":"2015-06-03T08:54:23","modified_gmt":"2015-06-03T08:54:23","slug":"desaparece-una-nina-en-el-parque-de-las","status":"publish","type":"post","link":"https:\/\/formalprision.com\/?p=7521","title":{"rendered":"Desaparece una ni\u00f1a en el Parque de las Am\u00e9ricas"},"content":{"rendered":"<p><a href=\"http:\/\/2.bp.blogspot.com\/-6MncQ8_GyOM\/Tu0D4ka0NzI\/AAAAAAAAFNE\/5zPY92oZotQ\/s1600\/aaaalasamericas.PNG\"><img decoding=\"async\" id=\"BLOGGER_PHOTO_ID_5687206174822512434\" style=\"FLOAT: left; MARGIN: 0px 10px 10px 0px; WIDTH: 240px; CURSOR: hand; HEIGHT: 320px\" alt=\"\" src=\"http:\/\/formalprision.com\/wp-content\/uploads\/2011\/12\/aaaalasamericas.png\" border=\"0\" \/><\/a><\/p>\n<p><\/p>\n<div>Una ni\u00f1a de 6 a\u00f1os fue presuntamente robada anoche en la colonia Garc\u00eda Gine\u00e9s.<\/div>\n<div>Esta noticia se difundi\u00f3 a trav\u00e9s de Twitter, lo que propici\u00f3 que la informaci\u00f3n see propagara a trav\u00e9s de esa red social.<\/div>\n<div>Sin embargo, la Secretar\u00eda de Seguridad P\u00fablica sali\u00f3 a aclarar que el caso se trata de una disputa legal entre los padres de la menor, llamada Mariana Quintal C\u00e1rdenas, de 6 a\u00f1os de edad.<\/div>\n<div>La menor, seg\u00fan la SSP, fue llevada por su madre, aunque estaba al cuidado de su padre.<\/div>\n<div>El reporte difundido en Twitter indicaba que la menor estaba en el parque de las Am\u00e9ricas y de ah\u00ed fue robada.<\/div>\n<div>Se solicit\u00f3 apoyo para localizarla a a trav\u00e9s de @retenesmerida, donde se difundi\u00f3 tambi\u00e9n la fotograf\u00eda de la menor poco despu\u00e9s del mediod\u00eda.<\/div>\n<div>Luego, la SSP difundi\u00f3 a trav\u00e9s de Twitter que se hab\u00f3a \u00f9esto en contacto con el padre de la ni\u00f1a, F\u00e9lix Quintal, quien les explic\u00f3 que a la ni\u00f1a se la llev\u00f3 su madre, pero que \u00e9l tiene los derechos legales, por lo que interpuso ya una denuncia ante la Fsical\u00eda.<\/div>\n<div>ALgunas verisones ubican a la madre en Macuspana, tabasco<\/div>\n","protected":false},"excerpt":{"rendered":"<p>Una ni\u00f1a de 6 a\u00f1os fue presuntamente robada anoche en la colonia Garc\u00eda Gine\u00e9s. Esta noticia se difundi\u00f3 a trav\u00e9s de Twitter, lo que propici\u00f3 que la informaci\u00f3n see propagara<\/p>\n","protected":false},"author":1,"featured_media":25123,"comment_status":"open","ping_status":"open","sticky":false,"template":"","format":"standard","meta":{"jetpack_post_was_ever_published":false,"_jetpack_newsletter_access":"","_jetpack_dont_email_post_to_subs":false,"_jetpack_newsletter_tier_id":0,"_jetpack_memberships_contains_paywalled_content":false,"_jetpack_memberships_contains_paid_content":false,"footnotes":"","jetpack_publicize_message":"","jetpack_publicize_feature_enabled":true,"jetpack_social_post_already_shared":false,"jetpack_social_options":{"image_generator_settings":{"template":"highway","default_image_id":0,"font":"","enabled":false},"version":2}},"categories":[3,58,1],"tags":[],"class_list":["post-7521","post","type-post","status-publish","format-standard","has-post-thumbnail","hentry","category-portada","category-rescates","category-sin-categoria"],"jetpack_publicize_connections":[],"jetpack_featured_media_url":"https:\/\/formalprision.com\/wp-content\/uploads\/2011\/12\/aaaalasamericas.png","jetpack_sharing_enabled":true,"jetpack_shortlink":"https:\/\/wp.me\/p6id8p-1Xj","_links":{"self":[{"href":"https:\/\/formalprision.com\/index.php?rest_route=\/wp\/v2\/posts\/7521","targetHints":{"allow":["GET"]}}],"collection":[{"href":"https:\/\/formalprision.com\/index.php?rest_route=\/wp\/v2\/posts"}],"about":[{"href":"https:\/\/formalprision.com\/index.php?rest_route=\/wp\/v2\/types\/post"}],"author":[{"embeddable":true,"href":"https:\/\/formalprision.com\/index.php?rest_route=\/wp\/v2\/users\/1"}],"replies":[{"embeddable":true,"href":"https:\/\/formalprision.com\/index.php?rest_route=%2Fwp%2Fv2%2Fcomments&post=7521"}],"version-history":[{"count":0,"href":"https:\/\/formalprision.com\/index.php?rest_route=\/wp\/v2\/posts\/7521\/revisions"}],"wp:featuredmedia":[{"embeddable":true,"href":"https:\/\/formalprision.com\/index.php?rest_route=\/wp\/v2\/media\/25123"}],"wp:attachment":[{"href":"https:\/\/formalprision.com\/index.php?rest_route=%2Fwp%2Fv2%2Fmedia&parent=7521"}],"wp:term":[{"taxonomy":"category","embeddable":true,"href":"https:\/\/formalprision.com\/index.php?rest_route=%2Fwp%2Fv2%2Fcategories&post=7521"},{"taxonomy":"post_tag","embeddable":true,"href":"https:\/\/formalprision.com\/index.php?rest_route=%2Fwp%2Fv2%2Ftags&post=7521"}],"curies":[{"name":"wp","href":"https:\/\/api.w.org\/{rel}","templated":true}]}}