{"id":7537,"date":"2011-12-13T18:48:00","date_gmt":"2011-12-13T18:48:00","guid":{"rendered":"http:\/\/formalprision.info\/2011\/12\/13\/nina-de-5-anos-se-traga-un-alfiler-y-se\/"},"modified":"2015-06-03T08:54:25","modified_gmt":"2015-06-03T08:54:25","slug":"nina-de-5-anos-se-traga-un-alfiler-y-se","status":"publish","type":"post","link":"https:\/\/formalprision.com\/?p=7537","title":{"rendered":"Ni\u00f1a de 5 a\u00f1os se traga un alfiler y se le aloja en los bronqueos"},"content":{"rendered":"<p><a href=\"http:\/\/2.bp.blogspot.com\/-pG9SGOlAy_8\/Tub6TpdzvEI\/AAAAAAAAFJ4\/ZeQKAJecLs4\/s1600\/aaaaponteagujeta.jpg\"><img decoding=\"async\" id=\"BLOGGER_PHOTO_ID_5685506795057167426\" style=\"FLOAT: left; MARGIN: 0px 10px 10px 0px; WIDTH: 298px; CURSOR: hand; HEIGHT: 320px\" alt=\"\" src=\"http:\/\/formalprision.com\/wp-content\/uploads\/2011\/12\/aaaaponteagujeta.jpg\" border=\"0\" \/><\/a><\/p>\n<p><\/p>\n<div>Un extra\u00f1o y lamentable accidente sufri\u00f3 una ni\u00f1a al tragarse un alfiler en su casa de Chetumal,<\/div>\n<div>La menor N. S. R. de 5 a\u00f1os de edad, fue tra\u00edda a M\u00e9rida para su hospitalizaci\u00f3n.<\/div>\n<div>On\u00e9sima Salinas Ram\u00edrez, madre de la menor, manifest\u00f3 que ayer a las 04:00 horas, cuando se encontraba en su domicilio, la ni\u00f1a se trago un alfiler, por lo que la trasladaron de inmediato a esta ciudad.<\/div>\n<div>A la ni\u00f1a se le ingres\u00f3 en la Cl\u00ednica T-1 del IMSS, donde se al hicieron estudios especializados que revelaron que ten\u00eda el alfiler en el bronquio izquierdo.<br \/>Ahora buscan la forma de sacar el objeto sin da\u00f1ar \u00f3rganos vitales.<\/div>\n<div><\/div>\n","protected":false},"excerpt":{"rendered":"<p>Un extra\u00f1o y lamentable accidente sufri\u00f3 una ni\u00f1a al tragarse un alfiler en su casa de Chetumal, La menor N. S. R. de 5 a\u00f1os de edad, fue tra\u00edda a<\/p>\n","protected":false},"author":1,"featured_media":25155,"comment_status":"open","ping_status":"open","sticky":false,"template":"","format":"standard","meta":{"jetpack_post_was_ever_published":false,"_jetpack_newsletter_access":"","_jetpack_dont_email_post_to_subs":false,"_jetpack_newsletter_tier_id":0,"_jetpack_memberships_contains_paywalled_content":false,"_jetpack_memberships_contains_paid_content":false,"footnotes":"","jetpack_publicize_message":"","jetpack_publicize_feature_enabled":true,"jetpack_social_post_already_shared":false,"jetpack_social_options":{"image_generator_settings":{"template":"highway","default_image_id":0,"font":"","enabled":false},"version":2}},"categories":[3,1,49,53],"tags":[],"class_list":["post-7537","post","type-post","status-publish","format-standard","has-post-thumbnail","hentry","category-portada","category-sin-categoria","category-tocho-morocho","category-yo-no-fui"],"jetpack_publicize_connections":[],"jetpack_featured_media_url":"https:\/\/formalprision.com\/wp-content\/uploads\/2011\/12\/aaaaponteagujeta.jpg","jetpack_sharing_enabled":true,"jetpack_shortlink":"https:\/\/wp.me\/p6id8p-1Xz","_links":{"self":[{"href":"https:\/\/formalprision.com\/index.php?rest_route=\/wp\/v2\/posts\/7537","targetHints":{"allow":["GET"]}}],"collection":[{"href":"https:\/\/formalprision.com\/index.php?rest_route=\/wp\/v2\/posts"}],"about":[{"href":"https:\/\/formalprision.com\/index.php?rest_route=\/wp\/v2\/types\/post"}],"author":[{"embeddable":true,"href":"https:\/\/formalprision.com\/index.php?rest_route=\/wp\/v2\/users\/1"}],"replies":[{"embeddable":true,"href":"https:\/\/formalprision.com\/index.php?rest_route=%2Fwp%2Fv2%2Fcomments&post=7537"}],"version-history":[{"count":0,"href":"https:\/\/formalprision.com\/index.php?rest_route=\/wp\/v2\/posts\/7537\/revisions"}],"wp:featuredmedia":[{"embeddable":true,"href":"https:\/\/formalprision.com\/index.php?rest_route=\/wp\/v2\/media\/25155"}],"wp:attachment":[{"href":"https:\/\/formalprision.com\/index.php?rest_route=%2Fwp%2Fv2%2Fmedia&parent=7537"}],"wp:term":[{"taxonomy":"category","embeddable":true,"href":"https:\/\/formalprision.com\/index.php?rest_route=%2Fwp%2Fv2%2Fcategories&post=7537"},{"taxonomy":"post_tag","embeddable":true,"href":"https:\/\/formalprision.com\/index.php?rest_route=%2Fwp%2Fv2%2Ftags&post=7537"}],"curies":[{"name":"wp","href":"https:\/\/api.w.org\/{rel}","templated":true}]}}