{"id":7553,"date":"2011-12-09T15:52:00","date_gmt":"2011-12-09T15:52:00","guid":{"rendered":"http:\/\/formalprision.info\/2011\/12\/09\/cesan-dos-comandantes-acusados-de\/"},"modified":"2015-06-03T08:54:28","modified_gmt":"2015-06-03T08:54:28","slug":"cesan-dos-comandantes-acusados-de","status":"publish","type":"post","link":"https:\/\/formalprision.com\/?p=7553","title":{"rendered":"Cesan a dos comandantes acusados de corrupci\u00f3n y abusos"},"content":{"rendered":"<p><a href=\"http:\/\/3.bp.blogspot.com\/-MzXooiGO6mc\/TuG_VibN4ZI\/AAAAAAAAFHQ\/EHaEG4x1-JA\/s1600\/aaaaacorruptos.jpg\"><img decoding=\"async\" id=\"BLOGGER_PHOTO_ID_5684034581457396114\" style=\"FLOAT: left; MARGIN: 0px 10px 10px 0px; WIDTH: 250px; CURSOR: hand; HEIGHT: 188px\" alt=\"\" src=\"http:\/\/formalprision.com\/wp-content\/uploads\/2011\/12\/aaaaacorruptos.jpg\" border=\"0\" \/><\/a><\/p>\n<div>Dos altos mandos de la Polic\u00eda de Progreso fueron cesados por presuntos actos de corrupci\u00f3n y abuso policial.<\/div>\n<p><\/p>\n<div>La Polic\u00eda Municipal inform\u00f3 que el lunes pasado fueron separados de sus cargos los comandantes Fernando Navarrete P\u00e9rez y V\u00edctor Mancilla Rosado, quienes fueron acusados por presuntos actos de corrupci\u00f3n y abusos.<\/div>\n<p><\/p>\n<div>El Director de la Polic\u00eda Municipal, Roberto Iv\u00e1n Pacheco Aranda, confirm\u00f3 que los agentes que fueron cesados de sus cargos se encuentran actualmente en investigaci\u00f3n, a ra\u00edz de constantes quejas ciudadanas y problemas internos.<\/div>\n<p><\/p>\n<div>Indic\u00f3 que Fernando Navarrete, era comandante del Grupo Especial Armado (GEA) de la corporaci\u00f3n y apenas el pasado 20 de noviembre fue reconocido junto con sus compa\u00f1eros, por la destacada participaci\u00f3n que tuvo en el evento c\u00edvico.<\/div>\n<p><\/p>\n<div>Sin embargo, una serie de acusaciones y problemas internos llevaron a la Polic\u00eda a suspenderlos e investigarlo.<\/div>\n<p><\/p>\n<div>Lo mismo sucedi\u00f3 con el comandante V\u00edctor Mancilla, quien fus cesado de su puesto como comandante de vigilancia por supuestos actos de corrupci\u00f3n denunciados por un comerciante de \u00e9ste puerto y que lo vinculan al cobro y protecci\u00f3n de expendios clandestinos en Progreso. <\/div>\n<p><\/p>\n<div>De acuerdo con Pacheco Aranda, los agentes regresar\u00edan a sus puestos en caso de que no se les compruebe nada, pero mientras no est\u00e1n en servicio. (Con informaci\u00f3n de Progresohoy.com)<\/div>\n","protected":false},"excerpt":{"rendered":"<p>Dos altos mandos de la Polic\u00eda de Progreso fueron cesados por presuntos actos de corrupci\u00f3n y abuso policial. La Polic\u00eda Municipal inform\u00f3 que el lunes pasado fueron separados de sus<\/p>\n","protected":false},"author":1,"featured_media":25181,"comment_status":"open","ping_status":"open","sticky":false,"template":"","format":"standard","meta":{"jetpack_post_was_ever_published":false,"_jetpack_newsletter_access":"","_jetpack_dont_email_post_to_subs":false,"_jetpack_newsletter_tier_id":0,"_jetpack_memberships_contains_paywalled_content":false,"_jetpack_memberships_contains_paid_content":false,"footnotes":"","jetpack_publicize_message":"","jetpack_publicize_feature_enabled":true,"jetpack_social_post_already_shared":false,"jetpack_social_options":{"image_generator_settings":{"template":"highway","default_image_id":0,"font":"","enabled":false},"version":2}},"categories":[45,3,1,53],"tags":[],"class_list":["post-7553","post","type-post","status-publish","format-standard","has-post-thumbnail","hentry","category-delincuentes-vip","category-portada","category-sin-categoria","category-yo-no-fui"],"jetpack_publicize_connections":[],"jetpack_featured_media_url":"https:\/\/formalprision.com\/wp-content\/uploads\/2011\/12\/aaaaacorruptos.jpg","jetpack_sharing_enabled":true,"jetpack_shortlink":"https:\/\/wp.me\/p6id8p-1XP","_links":{"self":[{"href":"https:\/\/formalprision.com\/index.php?rest_route=\/wp\/v2\/posts\/7553","targetHints":{"allow":["GET"]}}],"collection":[{"href":"https:\/\/formalprision.com\/index.php?rest_route=\/wp\/v2\/posts"}],"about":[{"href":"https:\/\/formalprision.com\/index.php?rest_route=\/wp\/v2\/types\/post"}],"author":[{"embeddable":true,"href":"https:\/\/formalprision.com\/index.php?rest_route=\/wp\/v2\/users\/1"}],"replies":[{"embeddable":true,"href":"https:\/\/formalprision.com\/index.php?rest_route=%2Fwp%2Fv2%2Fcomments&post=7553"}],"version-history":[{"count":0,"href":"https:\/\/formalprision.com\/index.php?rest_route=\/wp\/v2\/posts\/7553\/revisions"}],"wp:featuredmedia":[{"embeddable":true,"href":"https:\/\/formalprision.com\/index.php?rest_route=\/wp\/v2\/media\/25181"}],"wp:attachment":[{"href":"https:\/\/formalprision.com\/index.php?rest_route=%2Fwp%2Fv2%2Fmedia&parent=7553"}],"wp:term":[{"taxonomy":"category","embeddable":true,"href":"https:\/\/formalprision.com\/index.php?rest_route=%2Fwp%2Fv2%2Fcategories&post=7553"},{"taxonomy":"post_tag","embeddable":true,"href":"https:\/\/formalprision.com\/index.php?rest_route=%2Fwp%2Fv2%2Ftags&post=7553"}],"curies":[{"name":"wp","href":"https:\/\/api.w.org\/{rel}","templated":true}]}}