{"id":7554,"date":"2011-12-09T05:11:00","date_gmt":"2011-12-09T05:11:00","guid":{"rendered":"http:\/\/formalprision.info\/2011\/12\/09\/envian-las-islas-marias-22-reos\/"},"modified":"2015-06-03T08:54:31","modified_gmt":"2015-06-03T08:54:31","slug":"envian-las-islas-marias-22-reos","status":"publish","type":"post","link":"https:\/\/formalprision.com\/?p=7554","title":{"rendered":"Env\u00edan a las Islas Mar\u00edas a 22 reos peligrosos de M\u00e9rida"},"content":{"rendered":"<p><a href=\"http:\/\/2.bp.blogspot.com\/-Iw5sCuO5I5U\/TuGZFREdGHI\/AAAAAAAAFHE\/LxUCGyGjPkk\/s1600\/aaalas%2Bslasmarias.jpg\"><img decoding=\"async\" id=\"BLOGGER_PHOTO_ID_5683992520478759026\" style=\"FLOAT: left; MARGIN: 0px 10px 10px 0px; WIDTH: 240px; CURSOR: hand; HEIGHT: 320px\" alt=\"\" src=\"http:\/\/formalprision.com\/wp-content\/uploads\/2011\/12\/aaalas-slasmarias.jpg\" border=\"0\" \/><\/a><\/p>\n<p><\/p>\n<div>Esta noche, 22 reos del penal meridano considerados como peligrosos o parte del crimen organizado fueron enviados a las Islas Mar\u00edas.<br \/>Los reclusos fueron enviados en un avi\u00f3n de la Polic\u00eda Federal junto con otro grupo de reclusos que fue tra\u00eddo de Canc\u00fan.<br \/>El avi\u00f3n parti\u00f3 en las primeras horas de la noche hacia Nayarit, de donde luego ser\u00e1n embarcados hacia las Islas Mar\u00edas.<br \/>El traslado hacia el aeropuerto meridano se realiz\u00f3 bajo estrictas medidas de seguridad, en un convoy en el que participaron polic\u00edas estatales y federales.<br \/>La medida fue tomada por el gobierno Federal, en base a los acuerdos entre la Secretar\u00eda de Seguridad P\u00fablica Federal y los gobiernos estatales.No se proporcionaron los nombres de los reclusos trasladados, pero la mayor\u00eda no son yucatecos, pero si delinquieron en la entidad (Yucat\u00e1n Press)<\/div>\n","protected":false},"excerpt":{"rendered":"<p>Esta noche, 22 reos del penal meridano considerados como peligrosos o parte del crimen organizado fueron enviados a las Islas Mar\u00edas.Los reclusos fueron enviados en un avi\u00f3n de la Polic\u00eda<\/p>\n","protected":false},"author":1,"featured_media":25183,"comment_status":"open","ping_status":"open","sticky":false,"template":"","format":"standard","meta":{"jetpack_post_was_ever_published":false,"_jetpack_newsletter_access":"","_jetpack_dont_email_post_to_subs":false,"_jetpack_newsletter_tier_id":0,"_jetpack_memberships_contains_paywalled_content":false,"_jetpack_memberships_contains_paid_content":false,"footnotes":"","jetpack_publicize_message":"","jetpack_publicize_feature_enabled":true,"jetpack_social_post_already_shared":false,"jetpack_social_options":{"image_generator_settings":{"template":"highway","default_image_id":0,"font":"","enabled":false},"version":2}},"categories":[45,3,1],"tags":[],"class_list":["post-7554","post","type-post","status-publish","format-standard","has-post-thumbnail","hentry","category-delincuentes-vip","category-portada","category-sin-categoria"],"jetpack_publicize_connections":[],"jetpack_featured_media_url":"https:\/\/formalprision.com\/wp-content\/uploads\/2011\/12\/aaalas-slasmarias.jpg","jetpack_sharing_enabled":true,"jetpack_shortlink":"https:\/\/wp.me\/p6id8p-1XQ","_links":{"self":[{"href":"https:\/\/formalprision.com\/index.php?rest_route=\/wp\/v2\/posts\/7554","targetHints":{"allow":["GET"]}}],"collection":[{"href":"https:\/\/formalprision.com\/index.php?rest_route=\/wp\/v2\/posts"}],"about":[{"href":"https:\/\/formalprision.com\/index.php?rest_route=\/wp\/v2\/types\/post"}],"author":[{"embeddable":true,"href":"https:\/\/formalprision.com\/index.php?rest_route=\/wp\/v2\/users\/1"}],"replies":[{"embeddable":true,"href":"https:\/\/formalprision.com\/index.php?rest_route=%2Fwp%2Fv2%2Fcomments&post=7554"}],"version-history":[{"count":0,"href":"https:\/\/formalprision.com\/index.php?rest_route=\/wp\/v2\/posts\/7554\/revisions"}],"wp:featuredmedia":[{"embeddable":true,"href":"https:\/\/formalprision.com\/index.php?rest_route=\/wp\/v2\/media\/25183"}],"wp:attachment":[{"href":"https:\/\/formalprision.com\/index.php?rest_route=%2Fwp%2Fv2%2Fmedia&parent=7554"}],"wp:term":[{"taxonomy":"category","embeddable":true,"href":"https:\/\/formalprision.com\/index.php?rest_route=%2Fwp%2Fv2%2Fcategories&post=7554"},{"taxonomy":"post_tag","embeddable":true,"href":"https:\/\/formalprision.com\/index.php?rest_route=%2Fwp%2Fv2%2Ftags&post=7554"}],"curies":[{"name":"wp","href":"https:\/\/api.w.org\/{rel}","templated":true}]}}