{"id":7560,"date":"2011-12-07T00:12:00","date_gmt":"2011-12-07T00:12:00","guid":{"rendered":"http:\/\/formalprision.info\/2011\/12\/07\/usara-saiden-un-escuadron-de-1000\/"},"modified":"2015-06-03T08:54:32","modified_gmt":"2015-06-03T08:54:32","slug":"usara-saiden-un-escuadron-de-1000","status":"publish","type":"post","link":"https:\/\/formalprision.com\/?p=7560","title":{"rendered":"Usar\u00e1 Said\u00e9n un escuadr\u00f3n de 1,000 polic\u00edas y 50 retenes para vigilar en diciembre"},"content":{"rendered":"<p><a href=\"http:\/\/1.bp.blogspot.com\/-zaM_9HUFt08\/Tt63FDp0sRI\/AAAAAAAAFF8\/AxHFGgvZdNI\/s1600\/aaamonos.JPG\"><img decoding=\"async\" id=\"BLOGGER_PHOTO_ID_5683181077296099602\" style=\"DISPLAY: block; MARGIN: 0px auto 10px; WIDTH: 320px; CURSOR: hand; HEIGHT: 213px; TEXT-ALIGN: center\" alt=\"\" src=\"http:\/\/formalprision.com\/wp-content\/uploads\/2011\/12\/aaamonos.jpg\" border=\"0\" \/><\/a><\/p>\n<p><\/p>\n<div>A partir de hoy la Secretar\u00eda de Seguridad P\u00fablica pone en marcha el \u00abOperativo Decembrino\u00bb disponiendo de mil polic\u00edas para vigilar que las actividades de los ciudadanos se realicen sin ning\u00fan contratiempo.<br \/>El Cmdte. Luis Felipe Said\u00e9n Ojeda, Secretario de Seguridad P\u00fablica, dio a conocer que la vigilancia incluye a M\u00e9rida y los municipios del interior del estado. En lugares como instituciones bancarias, plazas comerciales, centro hist\u00f3rico de M\u00e9rida y otros sitios.<br \/>En reuni\u00f3n celebrada en el edificio de la Corporaci\u00f3n, en el complejo de seguridad p\u00fablica, se inform\u00f3 que los elementos har\u00e1n recorridos a pie, en 100 patrullas y camionetas y 30 motocicletas. Se dispondr\u00e1 de 300 elementos a pie para el recorrido en las plazas comerciales Gran Plaza, Liverpool, Altabrisa, Fiesta, City Center, Las Am\u00e9ricas, Dorada, Oriente, Sendero y Macro Plaza. As\u00ed tambi\u00e9n los supermercados Chedraui, Wal Mart, Aurrera, Super Bodega, Sam\u00b4s Club, Costco, entre otros.<br \/>Ser\u00e1n 200 uniformados que resguardar\u00e1n cajeros autom\u00e1ticos, sucursales bancarias, casas de empe\u00f1o, etc. A bordo de 100 unidades y 30 motocicletas se distribuir\u00e1n 500 oficiales quienes har\u00e1n recorridos d\u00eda y noche.<br \/>A la reuni\u00f3n presidida por el titular de seguridad p\u00fablica de Yucat\u00e1n, asisti\u00f3 el director de la Polic\u00eda Municipal de M\u00e9rida, Cmdte. Federico Cuesy Adri\u00e1n. Tambi\u00e9n estuvieron presentes los subsrios. de servicios viales y seguridad ciudadana cmdte. Mart\u00edn Inurreta Dom\u00ednguez y general Bernardo V\u00e1zquez Ram\u00edrez, respectivamente; el encargado de la Polic\u00eda Estatal de Caminos Peninsular, cmdte. Rafael Chaires Cuevas; los directores de vialidad y seguridad ciudadana, cmdtes. Carlos Xool Sosa y Emilio Zacar\u00edas Laines, respectivamente; los directos de los sectores Norte, Oriente, Poniente y Sur, cmdtes. Ismael Saenz Novelo, Miguel \u00c1ngel Castillo Chan, Jorge Canul Tec y Jos\u00e9 Luis Loeza Rivera, respectivamente. (Comunicado Oficial) <\/div>\n","protected":false},"excerpt":{"rendered":"<p>A partir de hoy la Secretar\u00eda de Seguridad P\u00fablica pone en marcha el \u00abOperativo Decembrino\u00bb disponiendo de mil polic\u00edas para vigilar que las actividades de los ciudadanos se realicen sin<\/p>\n","protected":false},"author":1,"featured_media":25194,"comment_status":"open","ping_status":"open","sticky":false,"template":"","format":"standard","meta":{"jetpack_post_was_ever_published":false,"_jetpack_newsletter_access":"","_jetpack_dont_email_post_to_subs":false,"_jetpack_newsletter_tier_id":0,"_jetpack_memberships_contains_paywalled_content":false,"_jetpack_memberships_contains_paid_content":false,"footnotes":"","jetpack_publicize_message":"","jetpack_publicize_feature_enabled":true,"jetpack_social_post_already_shared":false,"jetpack_social_options":{"image_generator_settings":{"template":"highway","default_image_id":0,"font":"","enabled":false},"version":2}},"categories":[3,1,49,53],"tags":[],"class_list":["post-7560","post","type-post","status-publish","format-standard","has-post-thumbnail","hentry","category-portada","category-sin-categoria","category-tocho-morocho","category-yo-no-fui"],"jetpack_publicize_connections":[],"jetpack_featured_media_url":"https:\/\/formalprision.com\/wp-content\/uploads\/2011\/12\/aaamonos.jpg","jetpack_sharing_enabled":true,"jetpack_shortlink":"https:\/\/wp.me\/p6id8p-1XW","_links":{"self":[{"href":"https:\/\/formalprision.com\/index.php?rest_route=\/wp\/v2\/posts\/7560","targetHints":{"allow":["GET"]}}],"collection":[{"href":"https:\/\/formalprision.com\/index.php?rest_route=\/wp\/v2\/posts"}],"about":[{"href":"https:\/\/formalprision.com\/index.php?rest_route=\/wp\/v2\/types\/post"}],"author":[{"embeddable":true,"href":"https:\/\/formalprision.com\/index.php?rest_route=\/wp\/v2\/users\/1"}],"replies":[{"embeddable":true,"href":"https:\/\/formalprision.com\/index.php?rest_route=%2Fwp%2Fv2%2Fcomments&post=7560"}],"version-history":[{"count":0,"href":"https:\/\/formalprision.com\/index.php?rest_route=\/wp\/v2\/posts\/7560\/revisions"}],"wp:featuredmedia":[{"embeddable":true,"href":"https:\/\/formalprision.com\/index.php?rest_route=\/wp\/v2\/media\/25194"}],"wp:attachment":[{"href":"https:\/\/formalprision.com\/index.php?rest_route=%2Fwp%2Fv2%2Fmedia&parent=7560"}],"wp:term":[{"taxonomy":"category","embeddable":true,"href":"https:\/\/formalprision.com\/index.php?rest_route=%2Fwp%2Fv2%2Fcategories&post=7560"},{"taxonomy":"post_tag","embeddable":true,"href":"https:\/\/formalprision.com\/index.php?rest_route=%2Fwp%2Fv2%2Ftags&post=7560"}],"curies":[{"name":"wp","href":"https:\/\/api.w.org\/{rel}","templated":true}]}}