{"id":7561,"date":"2011-12-06T20:56:00","date_gmt":"2011-12-06T20:56:00","guid":{"rendered":"http:\/\/formalprision.info\/2011\/12\/06\/panadero-sufre-graves-quemaduras-por-un\/"},"modified":"2015-06-03T08:54:32","modified_gmt":"2015-06-03T08:54:32","slug":"panadero-sufre-graves-quemaduras-por-un","status":"publish","type":"post","link":"https:\/\/formalprision.com\/?p=7561","title":{"rendered":"Panadero sufre graves quemaduras por un flamazo cuando preparaba el franc\u00e9s"},"content":{"rendered":"<p><a href=\"http:\/\/3.bp.blogspot.com\/-NXsEYGG_I0k\/Tt2-KcFSzDI\/AAAAAAAAFFk\/ZNiRobaEJnM\/s1600\/aaaflamazo.jpg\"><img decoding=\"async\" id=\"BLOGGER_PHOTO_ID_5682907391357799474\" style=\"FLOAT: left; MARGIN: 0px 10px 10px 0px; WIDTH: 320px; CURSOR: hand; HEIGHT: 240px\" alt=\"\" src=\"http:\/\/formalprision.com\/wp-content\/uploads\/2011\/12\/aaaflamazo.jpg\" border=\"0\" \/><\/a><\/p>\n<div>Un panadero que preparaba el pan del d\u00eda result\u00f3 con graves quemaduras al recibir un flamazo del horno.<\/div>\n<p><\/p>\n<div>ARMANDO ARCOS PECH de 25 a\u00f1os de edad y con domicilio en la colonia Amapolita, manifest\u00f3 que ayer las 03:00 horas cuando se encontraba trabajando en la panader\u00eda \u201cLa Luchita\u201d, ubicada en la c. 39-B No. 380 x 136 y 140 de la colonia El Porvenir.<\/div>\n<p><\/p>\n<div>Se preparaba para inicar su jornada, pero al encender el horno sali\u00f3 un fuerte flamazo quem\u00e1ndolo.<\/div>\n<p><\/p>\n<div>Fue llevado a la ex Cl\u00ednica T-1 del IMSS, donde se inform\u00f3 que presenta quemaduras de segundo y tercer grado en un 45 por ciento de la superficie corporal, incluyendo rostro, t\u00f3rax y brazos.<\/div>\n","protected":false},"excerpt":{"rendered":"<p>Un panadero que preparaba el pan del d\u00eda result\u00f3 con graves quemaduras al recibir un flamazo del horno. ARMANDO ARCOS PECH de 25 a\u00f1os de edad y con domicilio en<\/p>\n","protected":false},"author":1,"featured_media":25196,"comment_status":"open","ping_status":"open","sticky":false,"template":"","format":"standard","meta":{"jetpack_post_was_ever_published":false,"_jetpack_newsletter_access":"","_jetpack_dont_email_post_to_subs":false,"_jetpack_newsletter_tier_id":0,"_jetpack_memberships_contains_paywalled_content":false,"_jetpack_memberships_contains_paid_content":false,"footnotes":"","jetpack_publicize_message":"","jetpack_publicize_feature_enabled":true,"jetpack_social_post_already_shared":false,"jetpack_social_options":{"image_generator_settings":{"template":"highway","default_image_id":0,"font":"","enabled":false},"version":2}},"categories":[56,3,1],"tags":[],"class_list":["post-7561","post","type-post","status-publish","format-standard","has-post-thumbnail","hentry","category-incendios","category-portada","category-sin-categoria"],"jetpack_publicize_connections":[],"jetpack_featured_media_url":"https:\/\/formalprision.com\/wp-content\/uploads\/2011\/12\/aaaflamazo.jpg","jetpack_sharing_enabled":true,"jetpack_shortlink":"https:\/\/wp.me\/p6id8p-1XX","_links":{"self":[{"href":"https:\/\/formalprision.com\/index.php?rest_route=\/wp\/v2\/posts\/7561","targetHints":{"allow":["GET"]}}],"collection":[{"href":"https:\/\/formalprision.com\/index.php?rest_route=\/wp\/v2\/posts"}],"about":[{"href":"https:\/\/formalprision.com\/index.php?rest_route=\/wp\/v2\/types\/post"}],"author":[{"embeddable":true,"href":"https:\/\/formalprision.com\/index.php?rest_route=\/wp\/v2\/users\/1"}],"replies":[{"embeddable":true,"href":"https:\/\/formalprision.com\/index.php?rest_route=%2Fwp%2Fv2%2Fcomments&post=7561"}],"version-history":[{"count":0,"href":"https:\/\/formalprision.com\/index.php?rest_route=\/wp\/v2\/posts\/7561\/revisions"}],"wp:featuredmedia":[{"embeddable":true,"href":"https:\/\/formalprision.com\/index.php?rest_route=\/wp\/v2\/media\/25196"}],"wp:attachment":[{"href":"https:\/\/formalprision.com\/index.php?rest_route=%2Fwp%2Fv2%2Fmedia&parent=7561"}],"wp:term":[{"taxonomy":"category","embeddable":true,"href":"https:\/\/formalprision.com\/index.php?rest_route=%2Fwp%2Fv2%2Fcategories&post=7561"},{"taxonomy":"post_tag","embeddable":true,"href":"https:\/\/formalprision.com\/index.php?rest_route=%2Fwp%2Fv2%2Ftags&post=7561"}],"curies":[{"name":"wp","href":"https:\/\/api.w.org\/{rel}","templated":true}]}}