{"id":7563,"date":"2011-12-06T18:50:00","date_gmt":"2011-12-06T18:50:00","guid":{"rendered":"http:\/\/formalprision.info\/2011\/12\/06\/muere-nino-de-un-ano-mientras-aprendia\/"},"modified":"2015-06-03T08:54:32","modified_gmt":"2015-06-03T08:54:32","slug":"muere-nino-de-un-ano-mientras-aprendia","status":"publish","type":"post","link":"https:\/\/formalprision.com\/?p=7563","title":{"rendered":"Muere ni\u00f1o de un a\u00f1o mientras aprend\u00eda a caminar: le cay\u00f3 una televisi\u00f3n encima"},"content":{"rendered":"<p><a href=\"http:\/\/2.bp.blogspot.com\/-ZOEJb54ih-E\/Tt28MrK8AsI\/AAAAAAAAFFY\/xdOZwrFehx8\/s1600\/aaaaescudo%2Bde%2Bla%2Bfiscalia.jpg\"><img decoding=\"async\" id=\"BLOGGER_PHOTO_ID_5682905230744486594\" style=\"FLOAT: left; MARGIN: 0px 10px 10px 0px; WIDTH: 320px; CURSOR: hand; HEIGHT: 318px\" alt=\"\" src=\"http:\/\/formalprision.com\/wp-content\/uploads\/2011\/12\/aaaaescudo-de-la-fiscalia6.jpg\" border=\"0\" \/><\/a><\/p>\n<div>Un ni\u00f1o de apenas un a\u00f1o de nacido falleci\u00f3 luego de que le cay\u00f3 encima una televisi\u00f3n mientras aprend\u00eda a caminar.<\/div>\n<p><\/p>\n<div>El menor D.C.P. era vecino del fraccionamiento Vergel 65. <\/div>\n<p><\/p>\n<div>Identific\u00f3 el cad\u00e1ver Siley Magdalena Centuri\u00f3n, madre del menor, qui\u00e9n manifest\u00f3 que a las 13:00 horas se encontraban ambos en su domicilio y ella aprovech\u00f3 el tiempo para ense\u00f1ar a su hijo a caminar.<\/div>\n<p><\/p>\n<div>Sin embargo, por un descuido el ni\u00f1o se sujet\u00f3 del pie de una mesa donde se encontraba una t.v. de 29 pulgadas, que se le cay\u00f3 encima al halarla.<\/div>\n<p><\/p>\n<div>Fue llevado al centro M\u00e9dico Ignacio Garc\u00eda T\u00e9llez del IMSS, pero muri\u00f3 posteriormente.<\/div>\n","protected":false},"excerpt":{"rendered":"<p>Un ni\u00f1o de apenas un a\u00f1o de nacido falleci\u00f3 luego de que le cay\u00f3 encima una televisi\u00f3n mientras aprend\u00eda a caminar. El menor D.C.P. era vecino del fraccionamiento Vergel 65.<\/p>\n","protected":false},"author":1,"featured_media":25200,"comment_status":"open","ping_status":"open","sticky":false,"template":"","format":"standard","meta":{"jetpack_post_was_ever_published":false,"_jetpack_newsletter_access":"","_jetpack_dont_email_post_to_subs":false,"_jetpack_newsletter_tier_id":0,"_jetpack_memberships_contains_paywalled_content":false,"_jetpack_memberships_contains_paid_content":false,"footnotes":"","jetpack_publicize_message":"","jetpack_publicize_feature_enabled":true,"jetpack_social_post_already_shared":false,"jetpack_social_options":{"image_generator_settings":{"template":"highway","default_image_id":0,"font":"","enabled":false},"version":2}},"categories":[44,3,1],"tags":[],"class_list":["post-7563","post","type-post","status-publish","format-standard","has-post-thumbnail","hentry","category-morgue","category-portada","category-sin-categoria"],"jetpack_publicize_connections":[],"jetpack_featured_media_url":"https:\/\/formalprision.com\/wp-content\/uploads\/2011\/12\/aaaaescudo-de-la-fiscalia6.jpg","jetpack_sharing_enabled":true,"jetpack_shortlink":"https:\/\/wp.me\/p6id8p-1XZ","_links":{"self":[{"href":"https:\/\/formalprision.com\/index.php?rest_route=\/wp\/v2\/posts\/7563","targetHints":{"allow":["GET"]}}],"collection":[{"href":"https:\/\/formalprision.com\/index.php?rest_route=\/wp\/v2\/posts"}],"about":[{"href":"https:\/\/formalprision.com\/index.php?rest_route=\/wp\/v2\/types\/post"}],"author":[{"embeddable":true,"href":"https:\/\/formalprision.com\/index.php?rest_route=\/wp\/v2\/users\/1"}],"replies":[{"embeddable":true,"href":"https:\/\/formalprision.com\/index.php?rest_route=%2Fwp%2Fv2%2Fcomments&post=7563"}],"version-history":[{"count":0,"href":"https:\/\/formalprision.com\/index.php?rest_route=\/wp\/v2\/posts\/7563\/revisions"}],"wp:featuredmedia":[{"embeddable":true,"href":"https:\/\/formalprision.com\/index.php?rest_route=\/wp\/v2\/media\/25200"}],"wp:attachment":[{"href":"https:\/\/formalprision.com\/index.php?rest_route=%2Fwp%2Fv2%2Fmedia&parent=7563"}],"wp:term":[{"taxonomy":"category","embeddable":true,"href":"https:\/\/formalprision.com\/index.php?rest_route=%2Fwp%2Fv2%2Fcategories&post=7563"},{"taxonomy":"post_tag","embeddable":true,"href":"https:\/\/formalprision.com\/index.php?rest_route=%2Fwp%2Fv2%2Ftags&post=7563"}],"curies":[{"name":"wp","href":"https:\/\/api.w.org\/{rel}","templated":true}]}}