{"id":7575,"date":"2011-12-02T21:44:00","date_gmt":"2011-12-02T21:44:00","guid":{"rendered":"http:\/\/formalprision.info\/2011\/12\/02\/procupacion-por-la-llegada-de-la-banda\/"},"modified":"2015-06-03T08:54:34","modified_gmt":"2015-06-03T08:54:34","slug":"procupacion-por-la-llegada-de-la-banda","status":"publish","type":"post","link":"https:\/\/formalprision.com\/?p=7575","title":{"rendered":"Procupaci\u00f3n por la llegada de la banda de Los 13 a Ciudad Caucel"},"content":{"rendered":"<p><a href=\"http:\/\/3.bp.blogspot.com\/-W3LfIKH6FdU\/TtdBUGw5ELI\/AAAAAAAAFCY\/XZZlizlBAy8\/s1600\/aaaa13.jpg\"><img decoding=\"async\" id=\"BLOGGER_PHOTO_ID_5681081268620038322\" style=\"FLOAT: left; MARGIN: 0px 10px 10px 0px; WIDTH: 320px; CURSOR: hand; HEIGHT: 240px\" alt=\"\" src=\"http:\/\/formalprision.com\/wp-content\/uploads\/2011\/12\/aaaa13.jpg\" border=\"0\" \/><\/a><\/p>\n<p><\/p>\n<div>\n<div>Varios de los fraccionamientos que conforman Ciudad Caucel comienzan a ser v\u00edctimas de las bandas juveniles que operan en otras zonas de M\u00e9rida.<\/div>\n<div>En los \u00faltimos d\u00edas, decenas de bardas y fachadas de casas de esa zona han amanecido grafiteadas con leyendas propias de bandas del sur de la ciudad.<\/div>\n<div>Vecinos de esos fraccionamientos dijeron que las pintas son atribu\u00eddas a la banda conocida como Los 13, aunque desconocen si se trata de j\u00f3venes integrantes de esta pandilla que ya llegaron a vivir a Ciudad Caucel o bien solo acuden a grafitear las paredes.<\/div>\n<div>Los vecinos indicaron que los fines de semana, los j\u00f3venes pandilleros realizan esc\u00e1ndalos a su paso en altas horas de la madrugada, por lo que ya han reportado lo sucedido a la polic\u00eda, pues todo parece indicar que ya hay ramificaciones de estas bandas en todo Ciudad Caucel.<\/div>\n<div><\/div>\n<\/div>\n","protected":false},"excerpt":{"rendered":"<p>Varios de los fraccionamientos que conforman Ciudad Caucel comienzan a ser v\u00edctimas de las bandas juveniles que operan en otras zonas de M\u00e9rida. En los \u00faltimos d\u00edas, decenas de bardas<\/p>\n","protected":false},"author":1,"featured_media":25223,"comment_status":"open","ping_status":"open","sticky":false,"template":"","format":"standard","meta":{"jetpack_post_was_ever_published":false,"_jetpack_newsletter_access":"","_jetpack_dont_email_post_to_subs":false,"_jetpack_newsletter_tier_id":0,"_jetpack_memberships_contains_paywalled_content":false,"_jetpack_memberships_contains_paid_content":false,"footnotes":"","jetpack_publicize_message":"","jetpack_publicize_feature_enabled":true,"jetpack_social_post_already_shared":false,"jetpack_social_options":{"image_generator_settings":{"template":"highway","default_image_id":0,"font":"","enabled":false},"version":2}},"categories":[3,1,53],"tags":[],"class_list":["post-7575","post","type-post","status-publish","format-standard","has-post-thumbnail","hentry","category-portada","category-sin-categoria","category-yo-no-fui"],"jetpack_publicize_connections":[],"jetpack_featured_media_url":"https:\/\/formalprision.com\/wp-content\/uploads\/2011\/12\/aaaa13.jpg","jetpack_sharing_enabled":true,"jetpack_shortlink":"https:\/\/wp.me\/p6id8p-1Yb","_links":{"self":[{"href":"https:\/\/formalprision.com\/index.php?rest_route=\/wp\/v2\/posts\/7575","targetHints":{"allow":["GET"]}}],"collection":[{"href":"https:\/\/formalprision.com\/index.php?rest_route=\/wp\/v2\/posts"}],"about":[{"href":"https:\/\/formalprision.com\/index.php?rest_route=\/wp\/v2\/types\/post"}],"author":[{"embeddable":true,"href":"https:\/\/formalprision.com\/index.php?rest_route=\/wp\/v2\/users\/1"}],"replies":[{"embeddable":true,"href":"https:\/\/formalprision.com\/index.php?rest_route=%2Fwp%2Fv2%2Fcomments&post=7575"}],"version-history":[{"count":0,"href":"https:\/\/formalprision.com\/index.php?rest_route=\/wp\/v2\/posts\/7575\/revisions"}],"wp:featuredmedia":[{"embeddable":true,"href":"https:\/\/formalprision.com\/index.php?rest_route=\/wp\/v2\/media\/25223"}],"wp:attachment":[{"href":"https:\/\/formalprision.com\/index.php?rest_route=%2Fwp%2Fv2%2Fmedia&parent=7575"}],"wp:term":[{"taxonomy":"category","embeddable":true,"href":"https:\/\/formalprision.com\/index.php?rest_route=%2Fwp%2Fv2%2Fcategories&post=7575"},{"taxonomy":"post_tag","embeddable":true,"href":"https:\/\/formalprision.com\/index.php?rest_route=%2Fwp%2Fv2%2Ftags&post=7575"}],"curies":[{"name":"wp","href":"https:\/\/api.w.org\/{rel}","templated":true}]}}