{"id":7577,"date":"2011-12-02T16:24:00","date_gmt":"2011-12-02T16:24:00","guid":{"rendered":"http:\/\/formalprision.info\/2011\/12\/02\/se-deslinda-ivonne-ortega-de-censura\/"},"modified":"2015-06-03T08:54:34","modified_gmt":"2015-06-03T08:54:34","slug":"se-deslinda-ivonne-ortega-de-censura","status":"publish","type":"post","link":"https:\/\/formalprision.com\/?p=7577","title":{"rendered":"Se deslinda Ivonne Ortega de censura a programa de periodista de Televisa"},"content":{"rendered":"<p><a href=\"http:\/\/2.bp.blogspot.com\/-fkpwhFFLh5I\/TtkAT9QLxAI\/AAAAAAAAFDU\/LOV1y_76XxA\/s1600\/aaagoberpreciosa.jpg\"><img decoding=\"async\" id=\"BLOGGER_PHOTO_ID_5681572747764548610\" style=\"FLOAT: left; MARGIN: 0px 10px 10px 0px; WIDTH: 244px; CURSOR: hand; HEIGHT: 320px\" alt=\"\" src=\"http:\/\/formalprision.com\/wp-content\/uploads\/2011\/12\/aaagoberpreciosa.jpg\" border=\"0\" \/><\/a><\/p>\n<div>La gobernadora Ivonne Ortega Pacheco se deslind\u00f3 de la falla en la se\u00f1al del Canal de las Estrellas ocurrida anoche durante la transmisi\u00f3n del programa Punto de Partida de la periodista Denise Maerker.<\/div>\n<p><\/p>\n<div>A trav\u00e9s de su cuenta de Twitter, la gobernadora yucateca dijo que no sab\u00eda de la falla, pero que averiguar\u00eda con la representaci\u00f3n local de Televisa.<\/div>\n<p><\/p>\n<div>\u00abNo ten\u00eda conocimiento, pero preguntar\u00e9 a Televisa local sobre el asunto @Denise_Maerker\u00bb respondi\u00f3 la gobernadora al mensaje que le envi\u00f3 anoche la periodista reclam\u00e1ndole la cancelaci\u00f3n de la se\u00f1al televisiva.<\/div>\n<p><\/p>\n<div>Como informamos, Denise Maerker envi\u00f3 un mensaje por Twitter cuestionando a la gobernadora sobre la falla en la se\u00f1al cuando se transmit\u00eda su programa y le exigi\u00f3 una respuesta.<\/div>\n<div>La falla ocurri\u00f3 precisamente cuando se transmitir\u00eda un reportaje sobre la corrupci\u00f3n en el PRI nacional.<\/div>\n<p><\/p>\n<div>No hubo respuesta de la gobernadora anoche, pero si lo hizo hoy, poco despu\u00e9s de las 10 de la ma\u00f1ana.<\/div>\n<p><\/p>\n<div><\/div>\n","protected":false},"excerpt":{"rendered":"<p>La gobernadora Ivonne Ortega Pacheco se deslind\u00f3 de la falla en la se\u00f1al del Canal de las Estrellas ocurrida anoche durante la transmisi\u00f3n del programa Punto de Partida de la<\/p>\n","protected":false},"author":1,"featured_media":25226,"comment_status":"open","ping_status":"open","sticky":false,"template":"","format":"standard","meta":{"jetpack_post_was_ever_published":false,"_jetpack_newsletter_access":"","_jetpack_dont_email_post_to_subs":false,"_jetpack_newsletter_tier_id":0,"_jetpack_memberships_contains_paywalled_content":false,"_jetpack_memberships_contains_paid_content":false,"footnotes":"","jetpack_publicize_message":"","jetpack_publicize_feature_enabled":true,"jetpack_social_post_already_shared":false,"jetpack_social_options":{"image_generator_settings":{"template":"highway","default_image_id":0,"font":"","enabled":false},"version":2}},"categories":[3,1,53],"tags":[],"class_list":["post-7577","post","type-post","status-publish","format-standard","has-post-thumbnail","hentry","category-portada","category-sin-categoria","category-yo-no-fui"],"jetpack_publicize_connections":[],"jetpack_featured_media_url":"https:\/\/formalprision.com\/wp-content\/uploads\/2011\/12\/aaagoberpreciosa.jpg","jetpack_sharing_enabled":true,"jetpack_shortlink":"https:\/\/wp.me\/p6id8p-1Yd","_links":{"self":[{"href":"https:\/\/formalprision.com\/index.php?rest_route=\/wp\/v2\/posts\/7577","targetHints":{"allow":["GET"]}}],"collection":[{"href":"https:\/\/formalprision.com\/index.php?rest_route=\/wp\/v2\/posts"}],"about":[{"href":"https:\/\/formalprision.com\/index.php?rest_route=\/wp\/v2\/types\/post"}],"author":[{"embeddable":true,"href":"https:\/\/formalprision.com\/index.php?rest_route=\/wp\/v2\/users\/1"}],"replies":[{"embeddable":true,"href":"https:\/\/formalprision.com\/index.php?rest_route=%2Fwp%2Fv2%2Fcomments&post=7577"}],"version-history":[{"count":0,"href":"https:\/\/formalprision.com\/index.php?rest_route=\/wp\/v2\/posts\/7577\/revisions"}],"wp:featuredmedia":[{"embeddable":true,"href":"https:\/\/formalprision.com\/index.php?rest_route=\/wp\/v2\/media\/25226"}],"wp:attachment":[{"href":"https:\/\/formalprision.com\/index.php?rest_route=%2Fwp%2Fv2%2Fmedia&parent=7577"}],"wp:term":[{"taxonomy":"category","embeddable":true,"href":"https:\/\/formalprision.com\/index.php?rest_route=%2Fwp%2Fv2%2Fcategories&post=7577"},{"taxonomy":"post_tag","embeddable":true,"href":"https:\/\/formalprision.com\/index.php?rest_route=%2Fwp%2Fv2%2Ftags&post=7577"}],"curies":[{"name":"wp","href":"https:\/\/api.w.org\/{rel}","templated":true}]}}