{"id":7578,"date":"2011-12-02T13:59:00","date_gmt":"2011-12-02T13:59:00","guid":{"rendered":"http:\/\/formalprision.info\/2011\/12\/02\/periodista-de-televisa-reclama-ivonne\/"},"modified":"2015-06-03T08:54:34","modified_gmt":"2015-06-03T08:54:34","slug":"periodista-de-televisa-reclama-ivonne","status":"publish","type":"post","link":"https:\/\/formalprision.com\/?p=7578","title":{"rendered":"Periodista de Televisa reclama a Ivonne Ortega por censura de su programa en Yucat\u00e1n"},"content":{"rendered":"<p><a href=\"http:\/\/1.bp.blogspot.com\/-w6iuvbYpSI4\/Tth7PE3elWI\/AAAAAAAAFC8\/71-O8CW4QmU\/s1600\/aaasepeleaivonne.PNG\"><img decoding=\"async\" id=\"BLOGGER_PHOTO_ID_5681426428862567778\" style=\"FLOAT: left; MARGIN: 0px 10px 10px 0px; WIDTH: 240px; CURSOR: hand; HEIGHT: 320px\" alt=\"\" src=\"http:\/\/formalprision.com\/wp-content\/uploads\/2011\/12\/aaasepeleaivonne.png\" border=\"0\" \/><\/a><\/p>\n<div>La abrupta interrupci\u00f3n anoche del programa semanal Punto de Partida, que dirige Denise Maerker, propicio que la periodista reclamara a la gobernadora Ivonne Ortega Pacheco.<\/div>\n<p><\/p>\n<div>La periodista cuestion\u00f3, a trav\u00e9s de su cuenta de Twitter, a la gobernadora y le exigi\u00f3 una respuesta, pero no la obtuvo, al menos no por la misma v\u00eda.<\/div>\n<p><\/p>\n<div>El programa, que se transmite a la medianoche, transcurr\u00eda en forma normal, pero cuando se oba a pasar el tema de la corrupci\u00f3n del PRI, la se\u00f1al del Canal de las Estrellas se fue en Yucat\u00e1n.<\/div>\n<p><\/p>\n<div>Varios televidentes informaron v\u00eda Twitter de esta situaci\u00f3n a la periodista, quien poco despu\u00e9s us\u00f3 la red social para cuestionar al respecto a la gobernadora Ivonne Ortega.<\/div>\n<p><\/p>\n<div>@IvonneOP sabes por qu\u00e9 sali\u00f3 la se\u00f1al del canal 2 de Yucat\u00e1n? Esperamos tu respuesta. :dijo en su mensaje la comunicadora.<\/div>\n<div>Al no obtener respuesta, la periodista dijo en otro \u00abtuit\u00bb que ignoraba de d\u00f3nde proven\u00eda el problema.<\/div>\n<p><\/p>\n<div>La se\u00f1al se restablei\u00f3, pero ya para dar paso a otro reportaje.<\/div>\n<p><\/p>\n<div>Hace varias semanas, la periodista dedic\u00f3 parte de su programa a criticar al gobierno de Ivonne Ortega por el atraso en varias obras.<\/div>\n","protected":false},"excerpt":{"rendered":"<p>La abrupta interrupci\u00f3n anoche del programa semanal Punto de Partida, que dirige Denise Maerker, propicio que la periodista reclamara a la gobernadora Ivonne Ortega Pacheco. La periodista cuestion\u00f3, a trav\u00e9s<\/p>\n","protected":false},"author":1,"featured_media":25228,"comment_status":"open","ping_status":"open","sticky":false,"template":"","format":"standard","meta":{"jetpack_post_was_ever_published":false,"_jetpack_newsletter_access":"","_jetpack_dont_email_post_to_subs":false,"_jetpack_newsletter_tier_id":0,"_jetpack_memberships_contains_paywalled_content":false,"_jetpack_memberships_contains_paid_content":false,"footnotes":"","jetpack_publicize_message":"","jetpack_publicize_feature_enabled":true,"jetpack_social_post_already_shared":false,"jetpack_social_options":{"image_generator_settings":{"template":"highway","default_image_id":0,"font":"","enabled":false},"version":2}},"categories":[3,1,53],"tags":[],"class_list":["post-7578","post","type-post","status-publish","format-standard","has-post-thumbnail","hentry","category-portada","category-sin-categoria","category-yo-no-fui"],"jetpack_publicize_connections":[],"jetpack_featured_media_url":"https:\/\/formalprision.com\/wp-content\/uploads\/2011\/12\/aaasepeleaivonne.png","jetpack_sharing_enabled":true,"jetpack_shortlink":"https:\/\/wp.me\/p6id8p-1Ye","_links":{"self":[{"href":"https:\/\/formalprision.com\/index.php?rest_route=\/wp\/v2\/posts\/7578","targetHints":{"allow":["GET"]}}],"collection":[{"href":"https:\/\/formalprision.com\/index.php?rest_route=\/wp\/v2\/posts"}],"about":[{"href":"https:\/\/formalprision.com\/index.php?rest_route=\/wp\/v2\/types\/post"}],"author":[{"embeddable":true,"href":"https:\/\/formalprision.com\/index.php?rest_route=\/wp\/v2\/users\/1"}],"replies":[{"embeddable":true,"href":"https:\/\/formalprision.com\/index.php?rest_route=%2Fwp%2Fv2%2Fcomments&post=7578"}],"version-history":[{"count":0,"href":"https:\/\/formalprision.com\/index.php?rest_route=\/wp\/v2\/posts\/7578\/revisions"}],"wp:featuredmedia":[{"embeddable":true,"href":"https:\/\/formalprision.com\/index.php?rest_route=\/wp\/v2\/media\/25228"}],"wp:attachment":[{"href":"https:\/\/formalprision.com\/index.php?rest_route=%2Fwp%2Fv2%2Fmedia&parent=7578"}],"wp:term":[{"taxonomy":"category","embeddable":true,"href":"https:\/\/formalprision.com\/index.php?rest_route=%2Fwp%2Fv2%2Fcategories&post=7578"},{"taxonomy":"post_tag","embeddable":true,"href":"https:\/\/formalprision.com\/index.php?rest_route=%2Fwp%2Fv2%2Ftags&post=7578"}],"curies":[{"name":"wp","href":"https:\/\/api.w.org\/{rel}","templated":true}]}}