{"id":7579,"date":"2011-12-02T13:02:00","date_gmt":"2011-12-02T13:02:00","guid":{"rendered":"http:\/\/formalprision.info\/2011\/12\/02\/conductora-de-18-anos-atropella-y-mata\/"},"modified":"2015-06-03T08:54:34","modified_gmt":"2015-06-03T08:54:34","slug":"conductora-de-18-anos-atropella-y-mata","status":"publish","type":"post","link":"https:\/\/formalprision.com\/?p=7579","title":{"rendered":"Conductora de 18 a\u00f1os atropella y mata a una mujer en Altabrisa"},"content":{"rendered":"<p><a href=\"http:\/\/4.bp.blogspot.com\/-0G1-2yAYWNc\/Tth9pncrCSI\/AAAAAAAAFDI\/-Anr8CaMOkY\/s1600\/aaaaescudo%2Bde%2Bla%2Bfiscalia.jpg\"><img decoding=\"async\" id=\"BLOGGER_PHOTO_ID_5681429083845232930\" style=\"FLOAT: left; MARGIN: 0px 10px 10px 0px; WIDTH: 320px; CURSOR: hand; HEIGHT: 318px\" alt=\"\" src=\"http:\/\/formalprision.com\/wp-content\/uploads\/2011\/12\/aaaaescudo-de-la-fiscalia8.jpg\" border=\"0\" \/><\/a><\/p>\n<div>Una joven de 18 a\u00f1os ocasion\u00f3 anoche un mortal accidente al atropellar a una mujer en la zona de Altabrisa.<\/div>\n<p><\/p>\n<div>Katinka Valencia Arjona, ex alumna del Instituto Patria, atropell\u00f3 con su veh\u00edculo, un Ford Ikon, a una mujer, al parecer empleada dom\u00e9stica, quien parad\u00f3jicamente falleci\u00f3 a unos metros del Hospital de Alta Especialidad.<\/div>\n<p><\/p>\n<div>La ahora occisa fue identificada solamente como Florencia Cauich.<\/div>\n<p><\/p>\n<div>Ella cruzaba la avenida cuando fue alcanzada por el Ford Ikon placas YZA7267, manejado por Katinka Valencia, de 18 a\u00f1os.<\/div>\n<p><\/p>\n<div>Aunque llegaron r\u00e1pido param\u00e9dicos al sitio, la mujer ya hab\u00eda fallecido.<\/div>\n<p><\/p>\n<div>Tambi\u00e9n se present\u00f3 el representante de la aseguradora del veh\u00edculo de la conductora, pero ella tuvo que ser trasladada al edficio de la SSP para deslindar responsabilidades.<\/div>\n<p><\/p>\n<div><\/div>\n","protected":false},"excerpt":{"rendered":"<p>Una joven de 18 a\u00f1os ocasion\u00f3 anoche un mortal accidente al atropellar a una mujer en la zona de Altabrisa. Katinka Valencia Arjona, ex alumna del Instituto Patria, atropell\u00f3 con<\/p>\n","protected":false},"author":1,"featured_media":25230,"comment_status":"open","ping_status":"open","sticky":false,"template":"","format":"standard","meta":{"jetpack_post_was_ever_published":false,"_jetpack_newsletter_access":"","_jetpack_dont_email_post_to_subs":false,"_jetpack_newsletter_tier_id":0,"_jetpack_memberships_contains_paywalled_content":false,"_jetpack_memberships_contains_paid_content":false,"footnotes":"","jetpack_publicize_message":"","jetpack_publicize_feature_enabled":true,"jetpack_social_post_already_shared":false,"jetpack_social_options":{"image_generator_settings":{"template":"highway","default_image_id":0,"font":"","enabled":false},"version":2}},"categories":[44,3,1],"tags":[],"class_list":["post-7579","post","type-post","status-publish","format-standard","has-post-thumbnail","hentry","category-morgue","category-portada","category-sin-categoria"],"jetpack_publicize_connections":[],"jetpack_featured_media_url":"https:\/\/formalprision.com\/wp-content\/uploads\/2011\/12\/aaaaescudo-de-la-fiscalia8.jpg","jetpack_sharing_enabled":true,"jetpack_shortlink":"https:\/\/wp.me\/p6id8p-1Yf","_links":{"self":[{"href":"https:\/\/formalprision.com\/index.php?rest_route=\/wp\/v2\/posts\/7579","targetHints":{"allow":["GET"]}}],"collection":[{"href":"https:\/\/formalprision.com\/index.php?rest_route=\/wp\/v2\/posts"}],"about":[{"href":"https:\/\/formalprision.com\/index.php?rest_route=\/wp\/v2\/types\/post"}],"author":[{"embeddable":true,"href":"https:\/\/formalprision.com\/index.php?rest_route=\/wp\/v2\/users\/1"}],"replies":[{"embeddable":true,"href":"https:\/\/formalprision.com\/index.php?rest_route=%2Fwp%2Fv2%2Fcomments&post=7579"}],"version-history":[{"count":0,"href":"https:\/\/formalprision.com\/index.php?rest_route=\/wp\/v2\/posts\/7579\/revisions"}],"wp:featuredmedia":[{"embeddable":true,"href":"https:\/\/formalprision.com\/index.php?rest_route=\/wp\/v2\/media\/25230"}],"wp:attachment":[{"href":"https:\/\/formalprision.com\/index.php?rest_route=%2Fwp%2Fv2%2Fmedia&parent=7579"}],"wp:term":[{"taxonomy":"category","embeddable":true,"href":"https:\/\/formalprision.com\/index.php?rest_route=%2Fwp%2Fv2%2Fcategories&post=7579"},{"taxonomy":"post_tag","embeddable":true,"href":"https:\/\/formalprision.com\/index.php?rest_route=%2Fwp%2Fv2%2Ftags&post=7579"}],"curies":[{"name":"wp","href":"https:\/\/api.w.org\/{rel}","templated":true}]}}