{"id":7585,"date":"2011-11-29T23:05:00","date_gmt":"2011-11-29T23:05:00","guid":{"rendered":"http:\/\/formalprision.info\/2011\/11\/29\/taxista-violento-avienta-del-carro-su\/"},"modified":"2015-06-03T08:54:35","modified_gmt":"2015-06-03T08:54:35","slug":"taxista-violento-avienta-del-carro-su","status":"publish","type":"post","link":"https:\/\/formalprision.com\/?p=7585","title":{"rendered":"Taxista violento avienta del carro a su cliente porque no le pag\u00f3 el viaje"},"content":{"rendered":"<p><a href=\"http:\/\/4.bp.blogspot.com\/-8FUvkTAfNyg\/TtSIvc8AMAI\/AAAAAAAAFBQ\/w6uZ3zv8wAo\/s1600\/aaagrandesgrandes.JPG\"><img decoding=\"async\" id=\"BLOGGER_PHOTO_ID_5680315378824130562\" style=\"FLOAT: left; MARGIN: 0px 10px 10px 0px; WIDTH: 240px; CURSOR: hand; HEIGHT: 320px\" alt=\"\" src=\"http:\/\/formalprision.com\/wp-content\/uploads\/2011\/11\/aaagrandesgrandes.jpg\" border=\"0\" \/><\/a><\/p>\n<div>\n<p><\/p>\n<div>Molesto porque su cliente no le pag\u00f3 el servicio, un taxista meridano abri\u00f3 la puerta del taxi y avent\u00f3 al pasajero a la calle.<\/div>\n<p><\/p>\n<div>Como era de esperarse, el pasajero result\u00f3 herido y tuvo que ser hospitalizado.<\/div>\n<p><\/p>\n<div>La polic\u00eda mont\u00f3 un opeativo para dar con el taxista violento, pero ya no lo hall\u00f3.<\/div>\n<p><\/p>\n<div>El pasajero herido, Ren\u00e9 Brgos F\u00f3mez, de 52 a\u00f1os, dijo a los param\u00e9dicos que lo auxiliaron que que a las 02:00 horas solicit\u00f3 los servicios de un taxi y al momento de pagar le dijo al taxista que no ten\u00eda dinero.<\/div>\n<p><\/p>\n<div>Esto molest\u00f3 al chofer, quien abri\u00f3 la puerta y lo empuj\u00f3 para luego darse a la fuga.<\/div>\n<p><\/p>\n<div>El herido fue llevado al Hospital OHor\u00e1n, donde se inform\u00f3 que presenta traumatismo craneoncef\u00e1lico. <\/div>\n<\/div>\n","protected":false},"excerpt":{"rendered":"<p>Molesto porque su cliente no le pag\u00f3 el servicio, un taxista meridano abri\u00f3 la puerta del taxi y avent\u00f3 al pasajero a la calle. Como era de esperarse, el pasajero<\/p>\n","protected":false},"author":1,"featured_media":25242,"comment_status":"open","ping_status":"open","sticky":false,"template":"","format":"standard","meta":{"jetpack_post_was_ever_published":false,"_jetpack_newsletter_access":"","_jetpack_dont_email_post_to_subs":false,"_jetpack_newsletter_tier_id":0,"_jetpack_memberships_contains_paywalled_content":false,"_jetpack_memberships_contains_paid_content":false,"footnotes":"","jetpack_publicize_message":"","jetpack_publicize_feature_enabled":true,"jetpack_social_post_already_shared":false,"jetpack_social_options":{"image_generator_settings":{"template":"highway","default_image_id":0,"font":"","enabled":false},"version":2}},"categories":[60,50,3,1],"tags":[],"class_list":["post-7585","post","type-post","status-publish","format-standard","has-post-thumbnail","hentry","category-cafres","category-machines","category-portada","category-sin-categoria"],"jetpack_publicize_connections":[],"jetpack_featured_media_url":"https:\/\/formalprision.com\/wp-content\/uploads\/2011\/11\/aaagrandesgrandes.jpg","jetpack_sharing_enabled":true,"jetpack_shortlink":"https:\/\/wp.me\/p6id8p-1Yl","_links":{"self":[{"href":"https:\/\/formalprision.com\/index.php?rest_route=\/wp\/v2\/posts\/7585","targetHints":{"allow":["GET"]}}],"collection":[{"href":"https:\/\/formalprision.com\/index.php?rest_route=\/wp\/v2\/posts"}],"about":[{"href":"https:\/\/formalprision.com\/index.php?rest_route=\/wp\/v2\/types\/post"}],"author":[{"embeddable":true,"href":"https:\/\/formalprision.com\/index.php?rest_route=\/wp\/v2\/users\/1"}],"replies":[{"embeddable":true,"href":"https:\/\/formalprision.com\/index.php?rest_route=%2Fwp%2Fv2%2Fcomments&post=7585"}],"version-history":[{"count":0,"href":"https:\/\/formalprision.com\/index.php?rest_route=\/wp\/v2\/posts\/7585\/revisions"}],"wp:featuredmedia":[{"embeddable":true,"href":"https:\/\/formalprision.com\/index.php?rest_route=\/wp\/v2\/media\/25242"}],"wp:attachment":[{"href":"https:\/\/formalprision.com\/index.php?rest_route=%2Fwp%2Fv2%2Fmedia&parent=7585"}],"wp:term":[{"taxonomy":"category","embeddable":true,"href":"https:\/\/formalprision.com\/index.php?rest_route=%2Fwp%2Fv2%2Fcategories&post=7585"},{"taxonomy":"post_tag","embeddable":true,"href":"https:\/\/formalprision.com\/index.php?rest_route=%2Fwp%2Fv2%2Ftags&post=7585"}],"curies":[{"name":"wp","href":"https:\/\/api.w.org\/{rel}","templated":true}]}}