{"id":7588,"date":"2011-11-29T14:58:00","date_gmt":"2011-11-29T14:58:00","guid":{"rendered":"http:\/\/formalprision.info\/2011\/11\/29\/choca-no-paga-y-ahora-lo-detienen\/"},"modified":"2015-06-03T08:54:36","modified_gmt":"2015-06-03T08:54:36","slug":"choca-no-paga-y-ahora-lo-detienen","status":"publish","type":"post","link":"https:\/\/formalprision.com\/?p=7588","title":{"rendered":"Choca, no paga y ahora lo detienen"},"content":{"rendered":"<p><a href=\"http:\/\/2.bp.blogspot.com\/-DExcqkIfK94\/TtSDfC5jIDI\/AAAAAAAAFBE\/Krc43XjL-i4\/s1600\/aaalamotocicleta.JPG\"><img decoding=\"async\" id=\"BLOGGER_PHOTO_ID_5680309599398469682\" style=\"FLOAT: left; MARGIN: 0px 10px 10px 0px; WIDTH: 320px; CURSOR: hand; HEIGHT: 214px\" alt=\"\" src=\"http:\/\/formalprision.com\/wp-content\/uploads\/2011\/11\/aaalamotocicleta.jpg\" border=\"0\" \/><\/a><\/p>\n<div>Agentes de la Polic\u00eda Ministerial detuvieron a Jes\u00fas Emmanuel Carrillo Marrufo, de 26 a\u00f1os de edad, por causar un choque y no pagar los da\u00f1os a Jorge Fernando Carrillo Campos.<br \/>El sujeto ocasion\u00f3 da\u00f1os calculados en poco menos de 6 mil pesos, en la motocicleta del denunciante, a quien colision\u00f3 con una camioneta Dodge tipo Pick Up en la colonia Plan de Ayala Sur.<br \/>Los hechos se registraron el d\u00eda 30 de abril de este a\u00f1o, cuando Carrillo Marrufo conduc\u00eda su veh\u00edculo de norte a sur, sobre la avenida 50 y no cedi\u00f3 el pas\u00f3 al motociclista y lo golpe\u00f3.<\/div>\n<p><\/p>\n<div>Debido al impacto, la motocicleta se volc\u00f3 sobre su parte lateral y result\u00f3 con da\u00f1os que ascend\u00edan a la cantidad de 5 mil 920 pesos, pero debido a que el inculpado no cubri\u00f3 los da\u00f1os, fue denunciado ante el Ministerio P\u00fablico.<br \/>El d\u00eda de hoy, Carrillo Marrufo fue detenido en el anillo Perif\u00e9rico por la calle 50, en cumplimiento de la orden de aprehensi\u00f3n en su contra, por lo que ya fue remitido al CE.RE.SO. para el proceso que corresponde a la ley. <\/div>\n","protected":false},"excerpt":{"rendered":"<p>Agentes de la Polic\u00eda Ministerial detuvieron a Jes\u00fas Emmanuel Carrillo Marrufo, de 26 a\u00f1os de edad, por causar un choque y no pagar los da\u00f1os a Jorge Fernando Carrillo Campos.El<\/p>\n","protected":false},"author":1,"featured_media":25248,"comment_status":"open","ping_status":"open","sticky":false,"template":"","format":"standard","meta":{"jetpack_post_was_ever_published":false,"_jetpack_newsletter_access":"","_jetpack_dont_email_post_to_subs":false,"_jetpack_newsletter_tier_id":0,"_jetpack_memberships_contains_paywalled_content":false,"_jetpack_memberships_contains_paid_content":false,"footnotes":"","jetpack_publicize_message":"","jetpack_publicize_feature_enabled":true,"jetpack_social_post_already_shared":false,"jetpack_social_options":{"image_generator_settings":{"template":"highway","default_image_id":0,"font":"","enabled":false},"version":2}},"categories":[60,3,1],"tags":[],"class_list":["post-7588","post","type-post","status-publish","format-standard","has-post-thumbnail","hentry","category-cafres","category-portada","category-sin-categoria"],"jetpack_publicize_connections":[],"jetpack_featured_media_url":"https:\/\/formalprision.com\/wp-content\/uploads\/2011\/11\/aaalamotocicleta.jpg","jetpack_sharing_enabled":true,"jetpack_shortlink":"https:\/\/wp.me\/p6id8p-1Yo","_links":{"self":[{"href":"https:\/\/formalprision.com\/index.php?rest_route=\/wp\/v2\/posts\/7588","targetHints":{"allow":["GET"]}}],"collection":[{"href":"https:\/\/formalprision.com\/index.php?rest_route=\/wp\/v2\/posts"}],"about":[{"href":"https:\/\/formalprision.com\/index.php?rest_route=\/wp\/v2\/types\/post"}],"author":[{"embeddable":true,"href":"https:\/\/formalprision.com\/index.php?rest_route=\/wp\/v2\/users\/1"}],"replies":[{"embeddable":true,"href":"https:\/\/formalprision.com\/index.php?rest_route=%2Fwp%2Fv2%2Fcomments&post=7588"}],"version-history":[{"count":0,"href":"https:\/\/formalprision.com\/index.php?rest_route=\/wp\/v2\/posts\/7588\/revisions"}],"wp:featuredmedia":[{"embeddable":true,"href":"https:\/\/formalprision.com\/index.php?rest_route=\/wp\/v2\/media\/25248"}],"wp:attachment":[{"href":"https:\/\/formalprision.com\/index.php?rest_route=%2Fwp%2Fv2%2Fmedia&parent=7588"}],"wp:term":[{"taxonomy":"category","embeddable":true,"href":"https:\/\/formalprision.com\/index.php?rest_route=%2Fwp%2Fv2%2Fcategories&post=7588"},{"taxonomy":"post_tag","embeddable":true,"href":"https:\/\/formalprision.com\/index.php?rest_route=%2Fwp%2Fv2%2Ftags&post=7588"}],"curies":[{"name":"wp","href":"https:\/\/api.w.org\/{rel}","templated":true}]}}