{"id":7593,"date":"2011-11-28T18:57:00","date_gmt":"2011-11-28T18:57:00","guid":{"rendered":"http:\/\/formalprision.info\/2011\/11\/28\/nina-de-un-ano-muere-al-caerle-una\/"},"modified":"2015-06-03T08:54:36","modified_gmt":"2015-06-03T08:54:36","slug":"nina-de-un-ano-muere-al-caerle-una","status":"publish","type":"post","link":"https:\/\/formalprision.com\/?p=7593","title":{"rendered":"Ni\u00f1a de un a\u00f1o muere al caerle una televisi\u00f3n encima"},"content":{"rendered":"<p><a href=\"http:\/\/4.bp.blogspot.com\/-mgTFeyPc-o8\/TtM5w4rTWDI\/AAAAAAAAFAs\/vy-gfgvaaIg\/s1600\/aaaaescudo%2Bde%2Bla%2Bfiscalia.jpg\"><img decoding=\"async\" id=\"BLOGGER_PHOTO_ID_5679947067054839858\" style=\"FLOAT: left; MARGIN: 0px 10px 10px 0px; WIDTH: 320px; CURSOR: hand; HEIGHT: 318px\" alt=\"\" src=\"http:\/\/formalprision.com\/wp-content\/uploads\/2011\/11\/aaaaescudo-de-la-fiscalia1.jpg\" border=\"0\" \/><\/a><\/p>\n<div>Una menor de 23 meses de nacida falleci\u00f3 luego de que le cay\u00f3 encima un mueble con todo y televisi\u00f3n.<\/div>\n<p><\/p>\n<div>La ni\u00f1a GLADIS ALEJANDRA CANCH\u00c9 HERRERA, de 1 a\u00f1o y 11 meses, muri\u00f3 en el centro M\u00e9dico Ignacio Garc\u00eda T\u00e9llez del IMSS.<\/div>\n<p><\/p>\n<div>Manuel Leyte Manrique, t\u00edo de la menor, dijo que el d\u00eda 26 de los corrientes, aproximadamente las 12:00 horas, su sobrina estaba al cuidado de la abuela y en un descuido, la menor se subi\u00f3 sobre los cajones de un mueble.<\/div>\n<p><\/p>\n<div>Por el peso, las ruedas cedieron y se le cay\u00f3 encima con todo y televisi\u00f3n. <\/div>\n<p><\/p>\n<div>Fue llevada de urgencia al Hospital, pero muri\u00f3 por fractura frontooccipitoparietal consecuente a traumatismo craneoencef\u00e1lico. <\/div>\n","protected":false},"excerpt":{"rendered":"<p>Una menor de 23 meses de nacida falleci\u00f3 luego de que le cay\u00f3 encima un mueble con todo y televisi\u00f3n. La ni\u00f1a GLADIS ALEJANDRA CANCH\u00c9 HERRERA, de 1 a\u00f1o y<\/p>\n","protected":false},"author":1,"featured_media":25258,"comment_status":"open","ping_status":"open","sticky":false,"template":"","format":"standard","meta":{"jetpack_post_was_ever_published":false,"_jetpack_newsletter_access":"","_jetpack_dont_email_post_to_subs":false,"_jetpack_newsletter_tier_id":0,"_jetpack_memberships_contains_paywalled_content":false,"_jetpack_memberships_contains_paid_content":false,"footnotes":"","jetpack_publicize_message":"","jetpack_publicize_feature_enabled":true,"jetpack_social_post_already_shared":false,"jetpack_social_options":{"image_generator_settings":{"template":"highway","default_image_id":0,"font":"","enabled":false},"version":2}},"categories":[44,3,1],"tags":[],"class_list":["post-7593","post","type-post","status-publish","format-standard","has-post-thumbnail","hentry","category-morgue","category-portada","category-sin-categoria"],"jetpack_publicize_connections":[],"jetpack_featured_media_url":"https:\/\/formalprision.com\/wp-content\/uploads\/2011\/11\/aaaaescudo-de-la-fiscalia1.jpg","jetpack_sharing_enabled":true,"jetpack_shortlink":"https:\/\/wp.me\/p6id8p-1Yt","_links":{"self":[{"href":"https:\/\/formalprision.com\/index.php?rest_route=\/wp\/v2\/posts\/7593","targetHints":{"allow":["GET"]}}],"collection":[{"href":"https:\/\/formalprision.com\/index.php?rest_route=\/wp\/v2\/posts"}],"about":[{"href":"https:\/\/formalprision.com\/index.php?rest_route=\/wp\/v2\/types\/post"}],"author":[{"embeddable":true,"href":"https:\/\/formalprision.com\/index.php?rest_route=\/wp\/v2\/users\/1"}],"replies":[{"embeddable":true,"href":"https:\/\/formalprision.com\/index.php?rest_route=%2Fwp%2Fv2%2Fcomments&post=7593"}],"version-history":[{"count":0,"href":"https:\/\/formalprision.com\/index.php?rest_route=\/wp\/v2\/posts\/7593\/revisions"}],"wp:featuredmedia":[{"embeddable":true,"href":"https:\/\/formalprision.com\/index.php?rest_route=\/wp\/v2\/media\/25258"}],"wp:attachment":[{"href":"https:\/\/formalprision.com\/index.php?rest_route=%2Fwp%2Fv2%2Fmedia&parent=7593"}],"wp:term":[{"taxonomy":"category","embeddable":true,"href":"https:\/\/formalprision.com\/index.php?rest_route=%2Fwp%2Fv2%2Fcategories&post=7593"},{"taxonomy":"post_tag","embeddable":true,"href":"https:\/\/formalprision.com\/index.php?rest_route=%2Fwp%2Fv2%2Ftags&post=7593"}],"curies":[{"name":"wp","href":"https:\/\/api.w.org\/{rel}","templated":true}]}}