{"id":7596,"date":"2011-11-28T03:23:00","date_gmt":"2011-11-28T03:23:00","guid":{"rendered":"http:\/\/formalprision.info\/2011\/11\/28\/recuento-de-danos-del-ayuntamiento-de\/"},"modified":"2015-06-03T08:54:37","modified_gmt":"2015-06-03T08:54:37","slug":"recuento-de-danos-del-ayuntamiento-de","status":"publish","type":"post","link":"https:\/\/formalprision.com\/?p=7596","title":{"rendered":"Recuento de da\u00f1os del Ayuntamiento de M\u00e9rida en el Paso Deprimido"},"content":{"rendered":"<p><a href=\"http:\/\/4.bp.blogspot.com\/-pEvCaooDavA\/TtL_61GsFkI\/AAAAAAAAE_k\/lW-R4JV0UAI\/s1600\/aaaa193-logo-ayuntamiento-de-merida.jpg\"><img decoding=\"async\" id=\"BLOGGER_PHOTO_ID_5679883466220246594\" style=\"FLOAT: left; MARGIN: 0px 10px 10px 0px; WIDTH: 185px; CURSOR: hand; HEIGHT: 142px\" alt=\"\" src=\"http:\/\/formalprision.com\/wp-content\/uploads\/2011\/11\/aaaa193-logo-ayuntamiento-de-merida.jpg\" border=\"0\" \/><\/a><\/p>\n<div>Cuadrillas de trabajadores municipales, bomberos y elementos de la Secretar\u00eda de Seguridad P\u00fablica retiraron de la Glorieta de la Paz dos \u00e1rboles que cayeron a consecuencia de los fuertes vientos ocasionados por la entrada del frente fr\u00edo n\u00famero 15.<br \/>De estos hechos ocurridos alrededor de las 18:15 horas, que afectaron moment\u00e1neamente y de manera parcial la circulaci\u00f3n vehicular en el sitio, no se reportaron lesionados o accidente vehicular alguno.<br \/>Servicios P\u00fablicos Municipales atendi\u00f3 un reporte ciudadano de sendas ca\u00eddas de un ceibo y de un chac\u00e1, \u00e9ste \u00faltimo de gran tama\u00f1o, frondoso, cuyas ramas obstruyeron los dos carriles de norte a sur del Distribuidor Vial subterr\u00e1neo y da\u00f1\u00f3 el riel del muro de contenci\u00f3n.<br \/>Personal de la dependencia y de la Polic\u00eda Municipal, Bomberos y elementos de la Secretar\u00eda de Seguridad P\u00fablica acudieron de inmediato a resguardar la seguridad de los automovilistas y peatones y a retirar el frondoso \u00e1rbol de unos cinco metros de altura.<br \/>Para ello, los trabajadores municipales requirieron una moto sierra, tres camiones volquetes, una trituradora y casi dos horas de labores hasta que qued\u00f3 liberado el tramo y pudiera reanudarse el tr\u00e1nsito de veh\u00edculos en el carril de norte a sur del Distribuidor Vial a las 19:05 horas.<br \/>Dicho \u00e1rbol siempre hab\u00eda estado en su sitio, ya que no fue intervenido por las obras de construcci\u00f3n de la Glorieta de la Paz. Sin embargo, su alto follaje, avanzada edad, peso y ra\u00edces no resistieron los fuertes vientos registrados esta tarde por el ingreso del frente fr\u00edo.<br \/>La ca\u00edda del chac\u00e1 rompi\u00f3 el riel met\u00e1lico de protecci\u00f3n del muro de contenci\u00f3n del sentido norte a sur del Distribuidor Vial, pero no afect\u00f3 la estructura de concreto, de tal forma que una vez retirado su tronco y ramas de la lateral superior del distribuidor se reanud\u00f3 la circulaci\u00f3n vehicular a las 20 horas.<br \/>El otro \u00e1rbol, un tronco de ceibo joven, en etapa de recuperaci\u00f3n de follaje, cay\u00f3 sobre el carril pegado a la banqueta superior frente a un establecimiento de comida r\u00e1pida, por lo que tambi\u00e9n fue retirado para recuperar la circulaci\u00f3n vehicular en esa zona.<br \/>Comunicado Oficial<\/div>\n","protected":false},"excerpt":{"rendered":"<p>Cuadrillas de trabajadores municipales, bomberos y elementos de la Secretar\u00eda de Seguridad P\u00fablica retiraron de la Glorieta de la Paz dos \u00e1rboles que cayeron a consecuencia de los fuertes vientos<\/p>\n","protected":false},"author":1,"featured_media":25264,"comment_status":"open","ping_status":"open","sticky":false,"template":"","format":"standard","meta":{"jetpack_post_was_ever_published":false,"_jetpack_newsletter_access":"","_jetpack_dont_email_post_to_subs":false,"_jetpack_newsletter_tier_id":0,"_jetpack_memberships_contains_paywalled_content":false,"_jetpack_memberships_contains_paid_content":false,"footnotes":"","jetpack_publicize_message":"","jetpack_publicize_feature_enabled":true,"jetpack_social_post_already_shared":false,"jetpack_social_options":{"image_generator_settings":{"template":"highway","default_image_id":0,"font":"","enabled":false},"version":2}},"categories":[3,1,49],"tags":[],"class_list":["post-7596","post","type-post","status-publish","format-standard","has-post-thumbnail","hentry","category-portada","category-sin-categoria","category-tocho-morocho"],"jetpack_publicize_connections":[],"jetpack_featured_media_url":"https:\/\/formalprision.com\/wp-content\/uploads\/2011\/11\/aaaa193-logo-ayuntamiento-de-merida.jpg","jetpack_sharing_enabled":true,"jetpack_shortlink":"https:\/\/wp.me\/p6id8p-1Yw","_links":{"self":[{"href":"https:\/\/formalprision.com\/index.php?rest_route=\/wp\/v2\/posts\/7596","targetHints":{"allow":["GET"]}}],"collection":[{"href":"https:\/\/formalprision.com\/index.php?rest_route=\/wp\/v2\/posts"}],"about":[{"href":"https:\/\/formalprision.com\/index.php?rest_route=\/wp\/v2\/types\/post"}],"author":[{"embeddable":true,"href":"https:\/\/formalprision.com\/index.php?rest_route=\/wp\/v2\/users\/1"}],"replies":[{"embeddable":true,"href":"https:\/\/formalprision.com\/index.php?rest_route=%2Fwp%2Fv2%2Fcomments&post=7596"}],"version-history":[{"count":0,"href":"https:\/\/formalprision.com\/index.php?rest_route=\/wp\/v2\/posts\/7596\/revisions"}],"wp:featuredmedia":[{"embeddable":true,"href":"https:\/\/formalprision.com\/index.php?rest_route=\/wp\/v2\/media\/25264"}],"wp:attachment":[{"href":"https:\/\/formalprision.com\/index.php?rest_route=%2Fwp%2Fv2%2Fmedia&parent=7596"}],"wp:term":[{"taxonomy":"category","embeddable":true,"href":"https:\/\/formalprision.com\/index.php?rest_route=%2Fwp%2Fv2%2Fcategories&post=7596"},{"taxonomy":"post_tag","embeddable":true,"href":"https:\/\/formalprision.com\/index.php?rest_route=%2Fwp%2Fv2%2Ftags&post=7596"}],"curies":[{"name":"wp","href":"https:\/\/api.w.org\/{rel}","templated":true}]}}