{"id":7601,"date":"2011-11-26T13:58:00","date_gmt":"2011-11-26T13:58:00","guid":{"rendered":"http:\/\/formalprision.info\/2011\/11\/26\/tres-narcomenudistas-detenidos-en\/"},"modified":"2015-06-03T08:54:38","modified_gmt":"2015-06-03T08:54:38","slug":"tres-narcomenudistas-detenidos-en","status":"publish","type":"post","link":"https:\/\/formalprision.com\/?p=7601","title":{"rendered":"Tres narcomenudistas detenidos en Vergel II"},"content":{"rendered":"<p><a href=\"http:\/\/2.bp.blogspot.com\/-jdjRneOkw-A\/TtCdQxJsLwI\/AAAAAAAAE-0\/vUTV8EaEKcM\/s1600\/aanarquitos.jpg\"><img decoding=\"async\" id=\"BLOGGER_PHOTO_ID_5679212041511644930\" style=\"FLOAT: left; MARGIN: 0px 10px 10px 0px; WIDTH: 320px; CURSOR: hand; HEIGHT: 214px\" alt=\"\" src=\"http:\/\/formalprision.com\/wp-content\/uploads\/2011\/11\/aanarquitos.jpg\" border=\"0\" \/><\/a><\/p>\n<div>Agentes ministeriales detuvieron en el fraccionamiento Vergel II a Jorge Eloim Gamboa Parra (a) \u201cEl Negro\u201d, Juan Jos\u00e9 Ojeda Cort\u00e9s (a) \u201cChereke\u201d y Antonio Rafael Cardoz Us, el primero de 52 a\u00f1os y, los dos \u00faltimos de 25, acusados de narcomenudeo.<\/div>\n<p><\/p>\n<div>La detenci\u00f3n se efectu\u00f3 en las inmediaciones de un parque ubicado en la calle 10-B por 21-A del fraccionamiento Vergel II, en donde Gamboa Parra y Ojeda Cort\u00e9s fueron detectados cuando entregaban un envoltorio a Cardoz Us, que result\u00f3 ser mariguana, por la cual \u00e9ste \u00faltimo les dio un billete.<br \/>A Gamboa Parra se le encontr\u00f3 un bulto que conten\u00eda tres bolsitas de cannabis, as\u00ed como una bolsa con hierba seca a granel; a Ojeda Cort\u00e9s le hallaron tres bolsitas con mariguana y Cardoz Us una bolsita de la hierba seca.<br \/>Los 3 sujetos, tras su detenci\u00f3n, fueron trasladados al \u00e1rea de seguridad de la Fiscal\u00eda General del Estado, en espera de que en las pr\u00f3ximas horas sean turnados<a target=\"_blank\" name=\"_GoBack\"><\/a> ante un juez penal en el CE.RE.SO. para el proceso de Ley correspondiente<\/div>\n","protected":false},"excerpt":{"rendered":"<p>Agentes ministeriales detuvieron en el fraccionamiento Vergel II a Jorge Eloim Gamboa Parra (a) \u201cEl Negro\u201d, Juan Jos\u00e9 Ojeda Cort\u00e9s (a) \u201cChereke\u201d y Antonio Rafael Cardoz Us, el primero de<\/p>\n","protected":false},"author":1,"featured_media":25274,"comment_status":"open","ping_status":"open","sticky":false,"template":"","format":"standard","meta":{"jetpack_post_was_ever_published":false,"_jetpack_newsletter_access":"","_jetpack_dont_email_post_to_subs":false,"_jetpack_newsletter_tier_id":0,"_jetpack_memberships_contains_paywalled_content":false,"_jetpack_memberships_contains_paid_content":false,"footnotes":"","jetpack_publicize_message":"","jetpack_publicize_feature_enabled":true,"jetpack_social_post_already_shared":false,"jetpack_social_options":{"image_generator_settings":{"template":"highway","default_image_id":0,"font":"","enabled":false},"version":2}},"categories":[47,3,1],"tags":[],"class_list":["post-7601","post","type-post","status-publish","format-standard","has-post-thumbnail","hentry","category-narcos","category-portada","category-sin-categoria"],"jetpack_publicize_connections":[],"jetpack_featured_media_url":"https:\/\/formalprision.com\/wp-content\/uploads\/2011\/11\/aanarquitos.jpg","jetpack_sharing_enabled":true,"jetpack_shortlink":"https:\/\/wp.me\/p6id8p-1YB","_links":{"self":[{"href":"https:\/\/formalprision.com\/index.php?rest_route=\/wp\/v2\/posts\/7601","targetHints":{"allow":["GET"]}}],"collection":[{"href":"https:\/\/formalprision.com\/index.php?rest_route=\/wp\/v2\/posts"}],"about":[{"href":"https:\/\/formalprision.com\/index.php?rest_route=\/wp\/v2\/types\/post"}],"author":[{"embeddable":true,"href":"https:\/\/formalprision.com\/index.php?rest_route=\/wp\/v2\/users\/1"}],"replies":[{"embeddable":true,"href":"https:\/\/formalprision.com\/index.php?rest_route=%2Fwp%2Fv2%2Fcomments&post=7601"}],"version-history":[{"count":0,"href":"https:\/\/formalprision.com\/index.php?rest_route=\/wp\/v2\/posts\/7601\/revisions"}],"wp:featuredmedia":[{"embeddable":true,"href":"https:\/\/formalprision.com\/index.php?rest_route=\/wp\/v2\/media\/25274"}],"wp:attachment":[{"href":"https:\/\/formalprision.com\/index.php?rest_route=%2Fwp%2Fv2%2Fmedia&parent=7601"}],"wp:term":[{"taxonomy":"category","embeddable":true,"href":"https:\/\/formalprision.com\/index.php?rest_route=%2Fwp%2Fv2%2Fcategories&post=7601"},{"taxonomy":"post_tag","embeddable":true,"href":"https:\/\/formalprision.com\/index.php?rest_route=%2Fwp%2Fv2%2Ftags&post=7601"}],"curies":[{"name":"wp","href":"https:\/\/api.w.org\/{rel}","templated":true}]}}