{"id":7602,"date":"2011-11-26T11:01:00","date_gmt":"2011-11-26T11:01:00","guid":{"rendered":"http:\/\/formalprision.info\/2011\/11\/26\/tres-muertos-y-21-heridos-en-volcadura\/"},"modified":"2015-06-03T08:54:38","modified_gmt":"2015-06-03T08:54:38","slug":"tres-muertos-y-21-heridos-en-volcadura","status":"publish","type":"post","link":"https:\/\/formalprision.com\/?p=7602","title":{"rendered":"Tres muertos y 21 heridos en volcadura de un ADO que llegaba de Playa del Carmen"},"content":{"rendered":"<p><a href=\"http:\/\/3.bp.blogspot.com\/-E_ykNkpUNvM\/TtCQUdoDovI\/AAAAAAAAE94\/mdBv49nA05E\/s1600\/aaaalosmoridos.JPG\"><img decoding=\"async\" id=\"BLOGGER_PHOTO_ID_5679197811338617586\" style=\"FLOAT: left; MARGIN: 0px 10px 10px 0px; WIDTH: 320px; CURSOR: hand; HEIGHT: 213px\" alt=\"\" src=\"http:\/\/formalprision.com\/wp-content\/uploads\/2011\/11\/aaaalosmoridos.jpg\" border=\"0\" \/><\/a><\/p>\n<div>Param\u00e9dicos, bomberos y polic\u00edas de la Secretar\u00eda de Seguridad P\u00fablica participaron esta madrugada en el auxilio de los pasajeros de un autob\u00fas de la empresa ADO que se accident\u00f3 en la carretera federal M\u00e9rida-Valladolid, con saldo de 3 fallecidos y 21 lesionados.<br \/>El accidente se registr\u00f3 aproximadamente a las 03:00 horas en el tramo Ticop\u00f3-San Bernardino; el conductor Francisco Pereira Ruiz, de 52 a\u00f1os de edad, al tomar una curva perdi\u00f3 el control del autob\u00fas, que sali\u00f3 de la carretera y qued\u00f3 volcado en una hondonada sobre su costado derecho.<br \/>Personal de la SSP en cinco unidades de bomberos, cuatro ambulancias y cuatro carros-patrulla de la Secretar\u00eda de Seguridad P\u00fablica llegaron al lugar para atender la emergencia, junto con elementos de la Polic\u00eda Federal y la Cruz Roja.<br \/>El autob\u00fas Mercedes Benz n\u00famero econ\u00f3mico 0540 con placas 231-HS-2 cubr\u00eda la ruta Playa del Carmen-M\u00e9rida; al parecer el operador dormit\u00f3 y eso provoc\u00f3 el accidente.<br \/>De acuerdo con los nombres que proporcionaron los lesionados son: Norma Beatriz Tec Herguera, 33 a\u00f1os; Tom\u00e1s Kant\u00fan Pereira, 42 a\u00f1os; Juan Carlos G\u00f3ngora Coral, 57 a\u00f1os; Norma Graciela Ak\u00e9 Medina, 54 a\u00f1os; Eduardo \u00c1vila Guzm\u00e1n, 45 a\u00f1os; Elda Canch\u00e9 Balam, 39 a\u00f1os; San Jos\u00e9 Obrero Ayil Tuyub, 26 a\u00f1os; Esteban Ayil Tuyub, 38 a\u00f1os; Francisco Ram\u00edrez Angulo, 39 a\u00f1os.<br \/>Karla Cristina Herrera Herrera Albornoz, 20 a\u00f1os; Teresa Albornoz Mendoza, 42 a\u00f1os; Zazil Guadalupe Sulub Albornoz, 8 a\u00f1os; Josef Santiago Tello Herrera, 3 a\u00f1os; Silvia Guadalupe Albornoz Mendoza, 33 a\u00f1os; Ra\u00fal Cervera Napt\u00e9, 54 a\u00f1os; Elda Nelly Herrera Herrera, 52 a\u00f1os; Ana Bertha Roberto Corona, 47 a\u00f1os; Darwin Ram\u00edrez, 33 a\u00f1os; Patricia Imelda Espadas Cohu\u00f3, 41 a\u00f1os; Edgar Gaspar Tzuc Ak\u00e9, 16 a\u00f1os, y Eduardo Morales Cauich, 20 a\u00f1os.<br \/>El representante legal de la empresa ADO indic\u00f3 que los lesionados fueran trasladados al hospital Star M\u00e9dica de la ciudad de M\u00e9rida.<\/div>\n","protected":false},"excerpt":{"rendered":"<p>Param\u00e9dicos, bomberos y polic\u00edas de la Secretar\u00eda de Seguridad P\u00fablica participaron esta madrugada en el auxilio de los pasajeros de un autob\u00fas de la empresa ADO que se accident\u00f3 en<\/p>\n","protected":false},"author":1,"featured_media":25276,"comment_status":"open","ping_status":"open","sticky":false,"template":"","format":"standard","meta":{"jetpack_post_was_ever_published":false,"_jetpack_newsletter_access":"","_jetpack_dont_email_post_to_subs":false,"_jetpack_newsletter_tier_id":0,"_jetpack_memberships_contains_paywalled_content":false,"_jetpack_memberships_contains_paid_content":false,"footnotes":"","jetpack_publicize_message":"","jetpack_publicize_feature_enabled":true,"jetpack_social_post_already_shared":false,"jetpack_social_options":{"image_generator_settings":{"template":"highway","default_image_id":0,"font":"","enabled":false},"version":2}},"categories":[44,3,1],"tags":[],"class_list":["post-7602","post","type-post","status-publish","format-standard","has-post-thumbnail","hentry","category-morgue","category-portada","category-sin-categoria"],"jetpack_publicize_connections":[],"jetpack_featured_media_url":"https:\/\/formalprision.com\/wp-content\/uploads\/2011\/11\/aaaalosmoridos.jpg","jetpack_sharing_enabled":true,"jetpack_shortlink":"https:\/\/wp.me\/p6id8p-1YC","_links":{"self":[{"href":"https:\/\/formalprision.com\/index.php?rest_route=\/wp\/v2\/posts\/7602","targetHints":{"allow":["GET"]}}],"collection":[{"href":"https:\/\/formalprision.com\/index.php?rest_route=\/wp\/v2\/posts"}],"about":[{"href":"https:\/\/formalprision.com\/index.php?rest_route=\/wp\/v2\/types\/post"}],"author":[{"embeddable":true,"href":"https:\/\/formalprision.com\/index.php?rest_route=\/wp\/v2\/users\/1"}],"replies":[{"embeddable":true,"href":"https:\/\/formalprision.com\/index.php?rest_route=%2Fwp%2Fv2%2Fcomments&post=7602"}],"version-history":[{"count":0,"href":"https:\/\/formalprision.com\/index.php?rest_route=\/wp\/v2\/posts\/7602\/revisions"}],"wp:featuredmedia":[{"embeddable":true,"href":"https:\/\/formalprision.com\/index.php?rest_route=\/wp\/v2\/media\/25276"}],"wp:attachment":[{"href":"https:\/\/formalprision.com\/index.php?rest_route=%2Fwp%2Fv2%2Fmedia&parent=7602"}],"wp:term":[{"taxonomy":"category","embeddable":true,"href":"https:\/\/formalprision.com\/index.php?rest_route=%2Fwp%2Fv2%2Fcategories&post=7602"},{"taxonomy":"post_tag","embeddable":true,"href":"https:\/\/formalprision.com\/index.php?rest_route=%2Fwp%2Fv2%2Ftags&post=7602"}],"curies":[{"name":"wp","href":"https:\/\/api.w.org\/{rel}","templated":true}]}}