{"id":76225,"date":"2020-01-27T13:08:52","date_gmt":"2020-01-27T18:08:52","guid":{"rendered":"http:\/\/formalprision.com\/?p=76225"},"modified":"2020-01-30T11:18:36","modified_gmt":"2020-01-30T16:18:36","slug":"aterriza-narcoavioneta-en-la-via-a-merida-y-se-enfrentan-militares-y-narcos","status":"publish","type":"post","link":"https:\/\/formalprision.com\/?p=76225","title":{"rendered":"Aterriza narcoavioneta en la v\u00eda a M\u00e9rida y se enfrentan militares y narcos"},"content":{"rendered":"\n<p>Esta madrugada, una avioneta cargada con droga aterriz\u00f3 en una carretera de Bacalar, en la v\u00eda a M\u00e9rida, generando un enfrentamiento con militares en el que result\u00f3 muerto un soldado y herido un alto mando militar.<\/p>\n\n\n\n<p>Tras el aterrizaje, los militares se enfrentaron contra los narcotraficantes de la aeronave y otros que llegaron en apoyo.<\/p>\n\n\n\n<p>El saldo preliminar fue de un soldado sin vida y el comandante de la 34 Zona Militar, Jos\u00e9 Luis V\u00e1zquez Araiza.<\/p>\n\n\n\n<p>Se dice que el militar muerto es el chofer del general comandante, quien  encabez\u00f3 la operaci\u00f3n de b\u00fasqueda de la avioneta y sus tripulantes.<\/p>\n\n\n\n<p>El propio presidente Andr\u00e9s Manuel L\u00f3pez Obrador confirm\u00f3 en \u00abLa Ma\u00f1anera\u00bb la muerte del  militar y que el Comandante de la 34 Zona Militar, Jos\u00e9 Luis V\u00e1zquez Araiza result\u00f3 herido, ello durante un enfrentamiento entre militares y sujetos armados ,  derivado del aterrizaje de una avioneta en el municipio de Bacalar.<\/p>\n","protected":false},"excerpt":{"rendered":"<p>Esta madrugada, una avioneta cargada con droga aterriz\u00f3 en una carretera de Bacalar, en la v\u00eda a M\u00e9rida, generando un enfrentamiento con militares en el que result\u00f3 muerto un soldado<\/p>\n","protected":false},"author":1,"featured_media":76226,"comment_status":"open","ping_status":"open","sticky":false,"template":"","format":"standard","meta":{"jetpack_post_was_ever_published":false,"_jetpack_newsletter_access":"","_jetpack_dont_email_post_to_subs":false,"_jetpack_newsletter_tier_id":0,"_jetpack_memberships_contains_paywalled_content":false,"_jetpack_memberships_contains_paid_content":false,"footnotes":"","jetpack_publicize_message":"","jetpack_publicize_feature_enabled":true,"jetpack_social_post_already_shared":true,"jetpack_social_options":{"image_generator_settings":{"template":"highway","default_image_id":0,"font":"","enabled":false},"version":2}},"categories":[47,54],"tags":[],"class_list":["post-76225","post","type-post","status-publish","format-standard","has-post-thumbnail","hentry","category-narcos","category-yucatan"],"jetpack_publicize_connections":[],"jetpack_featured_media_url":"https:\/\/formalprision.com\/wp-content\/uploads\/2020\/01\/eZy-Watermark_27-01-2020_12-00-58p.m..jpg","jetpack_sharing_enabled":true,"jetpack_shortlink":"https:\/\/wp.me\/p6id8p-jPr","_links":{"self":[{"href":"https:\/\/formalprision.com\/index.php?rest_route=\/wp\/v2\/posts\/76225","targetHints":{"allow":["GET"]}}],"collection":[{"href":"https:\/\/formalprision.com\/index.php?rest_route=\/wp\/v2\/posts"}],"about":[{"href":"https:\/\/formalprision.com\/index.php?rest_route=\/wp\/v2\/types\/post"}],"author":[{"embeddable":true,"href":"https:\/\/formalprision.com\/index.php?rest_route=\/wp\/v2\/users\/1"}],"replies":[{"embeddable":true,"href":"https:\/\/formalprision.com\/index.php?rest_route=%2Fwp%2Fv2%2Fcomments&post=76225"}],"version-history":[{"count":0,"href":"https:\/\/formalprision.com\/index.php?rest_route=\/wp\/v2\/posts\/76225\/revisions"}],"wp:featuredmedia":[{"embeddable":true,"href":"https:\/\/formalprision.com\/index.php?rest_route=\/wp\/v2\/media\/76226"}],"wp:attachment":[{"href":"https:\/\/formalprision.com\/index.php?rest_route=%2Fwp%2Fv2%2Fmedia&parent=76225"}],"wp:term":[{"taxonomy":"category","embeddable":true,"href":"https:\/\/formalprision.com\/index.php?rest_route=%2Fwp%2Fv2%2Fcategories&post=76225"},{"taxonomy":"post_tag","embeddable":true,"href":"https:\/\/formalprision.com\/index.php?rest_route=%2Fwp%2Fv2%2Ftags&post=76225"}],"curies":[{"name":"wp","href":"https:\/\/api.w.org\/{rel}","templated":true}]}}