{"id":76244,"date":"2020-01-28T02:03:10","date_gmt":"2020-01-28T07:03:10","guid":{"rendered":"http:\/\/formalprision.com\/?p=76244"},"modified":"2020-01-28T09:34:57","modified_gmt":"2020-01-28T14:34:57","slug":"un-soldado-yucateco-entre-las-baleados-por-el-caso-de-la-narcoavioneta","status":"publish","type":"post","link":"https:\/\/formalprision.com\/?p=76244","title":{"rendered":"Un soldado yucateco, entre las baleados por el caso de la narcoavioneta"},"content":{"rendered":"\n<p>Un soldado de origen yucateco figura entre los heridos ayer durante el enfrentamiento de militares contra narcos que custodiaban una avioneta con droga que aterriz\u00f3 en una carretera de Bacalar, en la v\u00eda a M\u00e9rida.<\/p>\n\n\n\n<p>Se trata del cabo de transmisiones Celestino Balam Hern\u00e1ndez, quien present\u00f3 una herida de bala en la espalda<\/p>\n\n\n\n<p>El pertenecer a la 34a Zona Militar, con sede en Chetumal, a donde se alist\u00f3 tras su partida de Yucat\u00e1n, de donde es oriundo.<\/p>\n\n\n\n<p>Se informa que est\u00e1 fuera de peligro, pero bajo vigilancia especializada. <\/p>\n\n\n\n<p>Asimismo, la Secretar\u00eda de la Defensa Nacional (Sedena) confirm\u00f3 que el comandante de la 34 Zona Militar, General de Brigada Diplomado de Estado Mayor (DEM), Jos\u00e9 Luis V\u00e1zquez Araiza result\u00f3 con herida de bala en el pie izquierdo.<\/p>\n\n\n\n<p>Su chofer, el cabo de caballer\u00eda Emiliano Medina Ram\u00edrez, falleci\u00f3 en el enfrentamiento.<\/p>\n\n\n\n<p>El otro militar herido es el cabo Librado Gabriel Salgado, perteneciente al S\u00e9ptimo Regimiento de Caballer\u00eda Motorizada (RCM), quien present\u00f3 herida en hombro derecho.<\/p>\n\n\n\n<p>La Sedena precis\u00f3 que se detuvo a  dos narcotraficantes, identificados como G.G.C. y B.C.R., quienes custodiaban la aeronave que aterriz\u00f3 en la V\u00eda Corta a M\u00e9rida, en el municipio de Bacalar.<\/p>\n\n\n\n<p>En el \u00e1rea se aseguraron dos camionetas de las cuales una conten\u00eda 26 paquetes de droga, con un peso aproximado de cada paquete de entre 30 y 40 kilogramos, el avi\u00f3n bimotor y tres armas largas.<\/p>\n\n\n\n<p>Como informamos, el enfrentamiento se registr\u00f3 en primeras horas de este lunes, tras el aterrizaje de una aeronave en plena carretera federal en el tramo de la comunidad Nuevo Israel.<\/p>\n","protected":false},"excerpt":{"rendered":"<p>Un soldado de origen yucateco figura entre los heridos ayer durante el enfrentamiento de militares contra narcos que custodiaban una avioneta con droga que aterriz\u00f3 en una carretera de Bacalar,<\/p>\n","protected":false},"author":1,"featured_media":76245,"comment_status":"open","ping_status":"open","sticky":false,"template":"","format":"standard","meta":{"jetpack_post_was_ever_published":false,"_jetpack_newsletter_access":"","_jetpack_dont_email_post_to_subs":false,"_jetpack_newsletter_tier_id":0,"_jetpack_memberships_contains_paywalled_content":false,"_jetpack_memberships_contains_paid_content":false,"footnotes":"","jetpack_publicize_message":"","jetpack_publicize_feature_enabled":true,"jetpack_social_post_already_shared":true,"jetpack_social_options":{"image_generator_settings":{"template":"highway","default_image_id":0,"font":"","enabled":false},"version":2}},"categories":[47,3],"tags":[],"class_list":["post-76244","post","type-post","status-publish","format-standard","has-post-thumbnail","hentry","category-narcos","category-portada"],"jetpack_publicize_connections":[],"jetpack_featured_media_url":"https:\/\/formalprision.com\/wp-content\/uploads\/2020\/01\/IMG_6400.jpg","jetpack_sharing_enabled":true,"jetpack_shortlink":"https:\/\/wp.me\/p6id8p-jPK","_links":{"self":[{"href":"https:\/\/formalprision.com\/index.php?rest_route=\/wp\/v2\/posts\/76244","targetHints":{"allow":["GET"]}}],"collection":[{"href":"https:\/\/formalprision.com\/index.php?rest_route=\/wp\/v2\/posts"}],"about":[{"href":"https:\/\/formalprision.com\/index.php?rest_route=\/wp\/v2\/types\/post"}],"author":[{"embeddable":true,"href":"https:\/\/formalprision.com\/index.php?rest_route=\/wp\/v2\/users\/1"}],"replies":[{"embeddable":true,"href":"https:\/\/formalprision.com\/index.php?rest_route=%2Fwp%2Fv2%2Fcomments&post=76244"}],"version-history":[{"count":0,"href":"https:\/\/formalprision.com\/index.php?rest_route=\/wp\/v2\/posts\/76244\/revisions"}],"wp:featuredmedia":[{"embeddable":true,"href":"https:\/\/formalprision.com\/index.php?rest_route=\/wp\/v2\/media\/76245"}],"wp:attachment":[{"href":"https:\/\/formalprision.com\/index.php?rest_route=%2Fwp%2Fv2%2Fmedia&parent=76244"}],"wp:term":[{"taxonomy":"category","embeddable":true,"href":"https:\/\/formalprision.com\/index.php?rest_route=%2Fwp%2Fv2%2Fcategories&post=76244"},{"taxonomy":"post_tag","embeddable":true,"href":"https:\/\/formalprision.com\/index.php?rest_route=%2Fwp%2Fv2%2Ftags&post=76244"}],"curies":[{"name":"wp","href":"https:\/\/api.w.org\/{rel}","templated":true}]}}