{"id":7625,"date":"2011-11-17T15:43:00","date_gmt":"2011-11-17T15:43:00","guid":{"rendered":"http:\/\/formalprision.info\/2011\/11\/17\/se-suicida-un-agente-de-la-ssp-con-su\/"},"modified":"2015-06-03T08:54:43","modified_gmt":"2015-06-03T08:54:43","slug":"se-suicida-un-agente-de-la-ssp-con-su","status":"publish","type":"post","link":"https:\/\/formalprision.com\/?p=7625","title":{"rendered":"Se suicida un agente de la SSP con su arma de cargo"},"content":{"rendered":"<p><a href=\"http:\/\/4.bp.blogspot.com\/-wk-xgGpYCrQ\/TsUrp2EpYfI\/AAAAAAAAE5w\/vIUsdS9OcMM\/s1600\/saiden%2Bescudo.jpg\"><img decoding=\"async\" id=\"BLOGGER_PHOTO_ID_5675990903260013042\" style=\"FLOAT: left; MARGIN: 0px 10px 10px 0px; WIDTH: 320px; CURSOR: hand; HEIGHT: 228px\" alt=\"\" src=\"http:\/\/formalprision.com\/wp-content\/uploads\/2011\/11\/saiden-escudo.jpg\" border=\"0\" \/><\/a><\/p>\n<div>Un agente de la Secretar\u00eda de Seguridad P\u00fablica se suicid\u00f3 esta ma\u00f1ana en las instalaciones de esa corporaci\u00f3n policiaca.<br \/>El agente, cuya identidad no ha sido revelada, se dispar\u00f3 con el arma que ten\u00eda asignada.<br \/>Las investigaciones ya se llevan a cabo en este momento para confirmar legalmente que se trate de un suicidio y saber las causas que orillaron al polic\u00eda a suicidarse.<br \/>Al parecer, el deceso ocurri\u00f3 en el \u00e1rea nueva de dormitorios del edificio polic\u00edaco, en el Perif\u00e9rico Poniente.<br \/>La SSP confirm\u00f3 el deceso e indic\u00f3 que el agente ten\u00eda 67 a\u00f1os de edad, de los que 31 los dedic\u00f3 al trabajo polic\u00edaco en esa corporaci\u00f3n.<\/div>\n<p><\/p>\n<div>Pertenec\u00eda a la Polic\u00eda Bancaria.<\/div>\n<p><\/p>\n<div>En enero, el polic\u00eda tercero C\u00e9sar Augusto Santos Sosa, de 33 a\u00f1os de edad, se suicid\u00f3 tambi\u00e9n en el \u00e1rea de dormitorios del edificio central de la Secretar\u00eda de Seguridad P\u00fablica<\/div>\n","protected":false},"excerpt":{"rendered":"<p>Un agente de la Secretar\u00eda de Seguridad P\u00fablica se suicid\u00f3 esta ma\u00f1ana en las instalaciones de esa corporaci\u00f3n policiaca.El agente, cuya identidad no ha sido revelada, se dispar\u00f3 con el<\/p>\n","protected":false},"author":1,"featured_media":25320,"comment_status":"open","ping_status":"open","sticky":false,"template":"","format":"standard","meta":{"jetpack_post_was_ever_published":false,"_jetpack_newsletter_access":"","_jetpack_dont_email_post_to_subs":false,"_jetpack_newsletter_tier_id":0,"_jetpack_memberships_contains_paywalled_content":false,"_jetpack_memberships_contains_paid_content":false,"footnotes":"","jetpack_publicize_message":"","jetpack_publicize_feature_enabled":true,"jetpack_social_post_already_shared":false,"jetpack_social_options":{"image_generator_settings":{"template":"highway","default_image_id":0,"font":"","enabled":false},"version":2}},"categories":[44,3,1],"tags":[],"class_list":["post-7625","post","type-post","status-publish","format-standard","has-post-thumbnail","hentry","category-morgue","category-portada","category-sin-categoria"],"jetpack_publicize_connections":[],"jetpack_featured_media_url":"https:\/\/formalprision.com\/wp-content\/uploads\/2011\/11\/saiden-escudo.jpg","jetpack_sharing_enabled":true,"jetpack_shortlink":"https:\/\/wp.me\/p6id8p-1YZ","_links":{"self":[{"href":"https:\/\/formalprision.com\/index.php?rest_route=\/wp\/v2\/posts\/7625","targetHints":{"allow":["GET"]}}],"collection":[{"href":"https:\/\/formalprision.com\/index.php?rest_route=\/wp\/v2\/posts"}],"about":[{"href":"https:\/\/formalprision.com\/index.php?rest_route=\/wp\/v2\/types\/post"}],"author":[{"embeddable":true,"href":"https:\/\/formalprision.com\/index.php?rest_route=\/wp\/v2\/users\/1"}],"replies":[{"embeddable":true,"href":"https:\/\/formalprision.com\/index.php?rest_route=%2Fwp%2Fv2%2Fcomments&post=7625"}],"version-history":[{"count":0,"href":"https:\/\/formalprision.com\/index.php?rest_route=\/wp\/v2\/posts\/7625\/revisions"}],"wp:featuredmedia":[{"embeddable":true,"href":"https:\/\/formalprision.com\/index.php?rest_route=\/wp\/v2\/media\/25320"}],"wp:attachment":[{"href":"https:\/\/formalprision.com\/index.php?rest_route=%2Fwp%2Fv2%2Fmedia&parent=7625"}],"wp:term":[{"taxonomy":"category","embeddable":true,"href":"https:\/\/formalprision.com\/index.php?rest_route=%2Fwp%2Fv2%2Fcategories&post=7625"},{"taxonomy":"post_tag","embeddable":true,"href":"https:\/\/formalprision.com\/index.php?rest_route=%2Fwp%2Fv2%2Ftags&post=7625"}],"curies":[{"name":"wp","href":"https:\/\/api.w.org\/{rel}","templated":true}]}}